{"id":18482,"date":"2021-06-28T12:58:52","date_gmt":"2021-06-28T11:58:52","guid":{"rendered":"https:\/\/blogs.uab.cat\/cdeanuncis\/?p=18482"},"modified":"2025-05-24T10:36:47","modified_gmt":"2025-05-24T08:36:47","slug":"curs-destiu-sobre-la-ue","status":"publish","type":"post","link":"https:\/\/webs.uab.cat\/cdeanuncis\/2021\/06\/28\/curs-destiu-sobre-la-ue\/","title":{"rendered":"Curs d&#8217;Estiu sobre la UE"},"content":{"rendered":"\n<p><strong>La Representaci\u00f3 de la Comissi\u00f3 Europea a Barcelona i l\u2019Oficina d\u2019Informaci\u00f3 del Parlament Europeu  organitzen, juntament amb el Barcelona Centre for International Affairs (CIDOB), el primer Curs d\u2019Estiu sobre la UE. <\/strong><\/p>\n\n\n\n<p>Tindr\u00e0 lloc els propers 14, 15 i 16 de juliol a la seu del CIDOB (Elisabets 12, 08001 Barcelona). Tamb\u00e9 es podr\u00e0 seguir al canal Youtube del CIDOB.<\/p>\n\n\n\n<p>\u00c9s un curs gratu\u00eft, de tres jornades que comptar\u00e0 amb la participaci\u00f3 de representants de les institucions de la UE, experts de les diferents tem\u00e0tiques i analistes del CIDOB, per tal d\u2019abordar alguns dels principals reptes presents i futurs de la UE.<\/p>\n\n\n\n<p><a rel=\"noreferrer noopener\" href=\"https:\/\/www.cidob.org\/ca\/activitats\/linies_geografiques\/europa\/i_curs_d_estiu_sobre_la_unio_europea_els_reptes_de_la_unio_europea_una_mirada_experta_i_institucional\" data-type=\"URL\" data-id=\"https:\/\/www.cidob.org\/ca\/activitats\/linies_geografiques\/europa\/i_curs_d_estiu_sobre_la_unio_europea_els_reptes_de_la_unio_europea_una_mirada_experta_i_institucional\" target=\"_blank\">Programa<\/a><\/p>\n","protected":false},"excerpt":{"rendered":"<p>La Representaci\u00f3 de la Comissi\u00f3 Europea a Barcelona i l\u2019Oficina d\u2019Informaci\u00f3 del Parlament Europeu organitzen, juntament amb el Barcelona Centre for International Affairs (CIDOB), el primer Curs d\u2019Estiu sobre la UE. Tindr\u00e0 lloc els propers 14, 15 i 16 de juliol a la seu del CIDOB (Elisabets 12, 08001 Barcelona). Tamb\u00e9 es podr\u00e0 seguir al [&hellip;]<\/p>\n","protected":false},"author":50,"featured_media":0,"comment_status":"closed","ping_status":"closed","sticky":false,"template":"","format":"standard","meta":{"footnotes":""},"categories":[9],"tags":[92,79],"class_list":["post-18482","post","type-post","status-publish","format-standard","hentry","category-conferencies-cursos-tallers-seminaris","tag-ce","tag-parlament-europeu"],"_links":{"self":[{"href":"https:\/\/webs.uab.cat\/cdeanuncis\/wp-json\/wp\/v2\/posts\/18482","targetHints":{"allow":["GET"]}}],"collection":[{"href":"https:\/\/webs.uab.cat\/cdeanuncis\/wp-json\/wp\/v2\/posts"}],"about":[{"href":"https:\/\/webs.uab.cat\/cdeanuncis\/wp-json\/wp\/v2\/types\/post"}],"author":[{"embeddable":true,"href":"https:\/\/webs.uab.cat\/cdeanuncis\/wp-json\/wp\/v2\/users\/50"}],"replies":[{"embeddable":true,"href":"https:\/\/webs.uab.cat\/cdeanuncis\/wp-json\/wp\/v2\/comments?post=18482"}],"version-history":[{"count":1,"href":"https:\/\/webs.uab.cat\/cdeanuncis\/wp-json\/wp\/v2\/posts\/18482\/revisions"}],"predecessor-version":[{"id":22997,"href":"https:\/\/webs.uab.cat\/cdeanuncis\/wp-json\/wp\/v2\/posts\/18482\/revisions\/22997"}],"wp:attachment":[{"href":"https:\/\/webs.uab.cat\/cdeanuncis\/wp-json\/wp\/v2\/media?parent=18482"}],"wp:term":[{"taxonomy":"category","embeddable":true,"href":"https:\/\/webs.uab.cat\/cdeanuncis\/wp-json\/wp\/v2\/categories?post=18482"},{"taxonomy":"post_tag","embeddable":true,"href":"https:\/\/webs.uab.cat\/cdeanuncis\/wp-json\/wp\/v2\/tags?post=18482"}],"curies":[{"name":"wp","href":"https:\/\/api.w.org\/{rel}","templated":true}]}}