{"id":19904,"date":"2022-06-28T13:37:38","date_gmt":"2022-06-28T11:37:38","guid":{"rendered":"https:\/\/blogs.uab.cat\/cdeanuncis\/?p=19904"},"modified":"2023-05-29T14:02:09","modified_gmt":"2023-05-29T12:02:09","slug":"newsletter-17-2022","status":"publish","type":"post","link":"https:\/\/webs.uab.cat\/cdeanuncis\/2022\/06\/28\/newsletter-17-2022\/","title":{"rendered":"Newsletter 17\/2022"},"content":{"rendered":"\n<figure class=\"wp-block-table is-style-regular\"><table><tbody><tr><td class=\"has-text-align-right\" data-align=\"right\"><img decoding=\"async\" src=\"http:\/\/websb.uab.cat\/lacarpeta\/sb21cde\/css\/capcalera.png\" alt=\"CDE Informa\"> <strong><br>Dimarts 28 de juny del 2022<\/strong><\/td><\/tr><\/tbody><\/table><\/figure>\n\n\n\n<p><strong>PUBLICACIONS<\/strong><\/p>\n\n\n\n<ul class=\"wp-block-list\"><li><a href=\"https:\/\/ddd.uab.cat\/pub\/pubonlineUE\/pubonlineUE_a2022n21.pdf\" target=\"_blank\" rel=\"noreferrer noopener\">Publicacions online sobre la UE<\/a> N. 21 (Maig 2022)<\/li><li><a href=\"https:\/\/ddd.uab.cat\/pub\/legjurUE\/legislacioUE_a2022m05.pdf\" target=\"_blank\" rel=\"noreferrer noopener\">El Derecho de la UE y su aplicaci\u00f3n<\/a> Mayo 2022<\/li><\/ul>\n\n\n\n<p><strong>ACTIVITATS<\/strong><\/p>\n\n\n\n<ul class=\"wp-block-list\"><li><a href=\"https:\/\/www.icps.cat\/archivos\/conferencies\/sessioextremadretajuny2022.pdf?noga=1\" target=\"_blank\" rel=\"noreferrer noopener\">Col\u00b7loqui \u201cEl vot a l\u2019extrema dreta en el context europeu: estancament o represa?\u201d<\/a>, organitzat per l\u2019Institut de Ci\u00e8ncies Pol\u00edtiques i Socials (Barcelona, 28 juny, 18:30 h.)<\/li><li><a href=\"https:\/\/blogs.uab.cat\/cdeanuncis\/2022\/06\/21\/trobada-europa-en-blau-2022\/\" target=\"_blank\" rel=\"noreferrer noopener\">Jornada \u201cSom l\u2019Europa que fem\u201d<\/a>, organitzada per l\u2019entitat Europa en Blau, amb el suport de les representacions de les institucions europees a Barcelona (Castell de Calonge &amp; Online, 2 juliol)<\/li><li><a href=\"https:\/\/www.europarl.europa.eu\/spain\/barcelona\/ca\/oficina-a-barcelona\/ii-curs-d-estiu-sobre-la-ue\" target=\"_blank\" rel=\"noreferrer noopener\">II Curs d\u2019estiu sobre la UE: \u201cEls reptes de la Uni\u00f3 Europea: aspectes econ\u00f2mics, tecnol\u00f2gics i geopol\u00edtics\u201d<\/a>, organitzat per les Representacions de les institucions europees a Barcelona i el CIDOB (Barcelona &amp; Online, 13-15 juliol)<\/li><\/ul>\n\n\n\n<p><strong>CONVOCAT\u00d2RIES<\/strong><\/p>\n\n\n\n<ul class=\"wp-block-list\"><li><a href=\"https:\/\/www.europarl.europa.eu\/spain\/barcelona\/ca\/oficina-a-barcelona\/parlament-europeu-convoca-programa-formacio-joves-periodistes\" target=\"_blank\" rel=\"noreferrer noopener\">Programa de formaci\u00f3 per a joves periodistas<\/a>. Licitaci\u00f3 dirigida a entitats amb experi\u00e8ncia en el camp medi\u00e0tic i en formacions a professionals dels mitjans de comunicaci\u00f3. Data l\u00edmit: 8 juliol<\/li><li><a href=\"https:\/\/eur-lex.europa.eu\/legal-content\/ES\/TXT\/?uri=uriserv:OJ.CA.2022.233.01.0001.01.SPA\" target=\"_blank\" rel=\"noreferrer noopener\">Convocatoria de oposici\u00f3n general \u2014 Administradores (AD 7) y expertos (AD 9) en los \u00e1mbitos de la industria de la defensa y el espacio<\/a>. Fecha l\u00edmite: 19 julio<\/li><li><a href=\"https:\/\/building-europe-with-local-councillors.europa.eu\/call-applications_es\" target=\"_blank\" rel=\"noreferrer noopener\">Convocatoria de candidaturas para las administraciones locales que deseen convertirse en socios de la Comisi\u00f3n para comunicar sobre el terreno asuntos de la UE<\/a> &nbsp;<\/li><\/ul>\n\n\n\n<p><strong>NOT\u00cdCIES<\/strong><\/p>\n\n\n\n<ul class=\"wp-block-list\"><li><a rel=\"noreferrer noopener\" href=\"http:\/\/www.jpmedia.es\/servlet\/getpdf_b2b?id_cliente=5697&amp;clave=CentrodeDocumentacionEuropea&amp;id_noticia=13409697\" target=\"_blank\">Un despliegue de hasta 300.000 tropas frente a la amenaza rusa<\/a> (El Mundo, 28 junio)<\/li><li><a rel=\"noreferrer noopener\" href=\"http:\/\/www.jpmedia.es\/servlet\/getpdf_b2b?id_cliente=5697&amp;clave=CentrodeDocumentacionEuropea&amp;id_noticia=13409108\" target=\"_blank\">Johnson saca adelante la ley que altera el Protocolo de Irlanda del Norte<\/a> (El Pa\u00eds, 28 junio)<\/li><li><a rel=\"noreferrer noopener\" href=\"https:\/\/www.vozpopuli.com\/economia_y_finanzas\/tribunal-ue-reclamaciones-declaracion-bienes-extranjero.html\" target=\"_blank\">El Tribunal de la UE abre la puerta a un alud de reclamaciones por la declaraci\u00f3n de bienes en el extranjero<\/a> (vozp\u00f3puli, 28 junio)<\/li><li><a rel=\"noreferrer noopener\" href=\"https:\/\/www.eea.europa.eu\/es\/highlights\/la-exposicion-a-la-contaminacion\" target=\"_blank\">La exposici\u00f3n a la contaminaci\u00f3n es la causante del 10\u202f% de todos los casos de c\u00e1ncer en Europa, seg\u00fan un informe de la Agencia Europea del Medio Ambiente<\/a> (AEMA, 28 junio)<\/li><li><a rel=\"noreferrer noopener\" href=\"https:\/\/spain.representation.ec.europa.eu\/noticias-eventos\/noticias-0\/nextgenerationeu-la-comision-europea-respalda-una-evaluacion-positiva-de-la-segunda-solicitud-de-2022-06-27_es\" target=\"_blank\">Evaluaci\u00f3n positiva de la segunda solicitud de Espa\u00f1a del Mecanismo de Recuperaci\u00f3n y Resiliencia de 12000 millones EUR<\/a> (Comisi\u00f3n Europea, 27 junio)<\/li><li><a rel=\"noreferrer noopener\" href=\"https:\/\/cincodias.elpais.com\/cincodias\/2022\/06\/27\/economia\/1656333548_290440.html\" target=\"_blank\">Bruselas recela de la reforma de las pensiones y cree que puede generar un alza de gasto p\u00fablico<\/a> (Cinco D\u00edas, 27 junio)<\/li><li><a rel=\"noreferrer noopener\" href=\"http:\/\/www.jpmedia.es\/servlet\/getpdf_b2b?id_cliente=5697&amp;clave=CentrodeDocumentacionEuropea&amp;id_noticia=13408407\" target=\"_blank\">Los pr\u00e9stamos del Plan se usar\u00e1n para compensar la subida de tipos<\/a> (El Mundo, 27 junio)<\/li><li><a rel=\"noreferrer noopener\" href=\"https:\/\/www.consilium.europa.eu\/es\/press\/press-releases\/2022\/06\/27\/fit-for-55-council-agrees-on-higher-targets-for-renewables-and-energy-efficiency\/\" target=\"_blank\">Objetivos m\u00e1s ambiciosos para las energ\u00edas renovables y la eficiencia energ\u00e9tica<\/a> (Consejo de la UE, 27 junio)<\/li><li><a rel=\"noreferrer noopener\" href=\"https:\/\/www.consilium.europa.eu\/es\/press\/press-releases\/2022\/06\/27\/council-adopts-regulation-gas-storage\/\" target=\"_blank\">Adoptado definitivamente el Reglamento sobre el de almacenamiento de gas de la UE que tiene por objeto garantizar que las instalaciones est\u00e9n llenas antes del invierno y el gas pueda compartirse entre los EEMM con un esp\u00edritu de solidaridad<\/a> (Consejo de la UE, 27 junio)<\/li><li><a rel=\"noreferrer noopener\" href=\"http:\/\/www.jpmedia.es\/servlet\/getpdf_b2b?id_cliente=5697&amp;clave=CentrodeDocumentacionEuropea&amp;id_noticia=13408116\" target=\"_blank\">La UE se abre a poner un tope a los precios de petr\u00f3leo ruso<\/a> (Cinco D\u00edas, 27 junio)<\/li><li><a rel=\"noreferrer noopener\" href=\"https:\/\/www.euractiv.com\/section\/economy-jobs\/news\/citizens-meps-call-for-harmonised-citizenship-education-across-the-bloc\/\" target=\"_blank\">MEPs call for harmonised citizenship education across the bloc<\/a> (EurActiv, 27 junio)<\/li><li><a rel=\"noreferrer noopener\" href=\"https:\/\/www.theguardian.com\/business\/2022\/jun\/26\/concerns-india-back-door-into-europe-for-russian-oil\" target=\"_blank\">Concerns grow that India is \u2018back door\u2019 into Europe for Russian oil<\/a> (The Guardian, 26 June)<\/li><li><a rel=\"noreferrer noopener\" href=\"https:\/\/www.huffingtonpost.es\/entry\/gobierno-frances-rango-constitucional-derecho-aborto_es_62b71b5be4b06169caa77b1b\" target=\"_blank\">El Gobierno franc\u00e9s apoya dar rango constitucional al derecho al aborto<\/a> (HuffPost, 25 junio)<\/li><li><a rel=\"noreferrer noopener\" href=\"http:\/\/www.aquieuropa.com\/noticia\/70249-la-comision-europea-emitira-nuevos-bonos-en-el-segundo-semestre-de-2022-para-financiar-la-recuperacion\" target=\"_blank\">La Comisi\u00f3n Europea emitir\u00e1 bonos en el segundo semestre de 2022 para financiar la recuperaci\u00f3n<\/a> (Aqu\u00ed Europa, 24 junio)<\/li><li><a rel=\"noreferrer noopener\" href=\"http:\/\/www.aquieuropa.com\/noticia\/70251-espana-liderara-un-proyecto-para-sacar-8000-toneladas-de-grano-de-ucrania\" target=\"_blank\">Espa\u00f1a liderar\u00e1 un proyecto para sacar 8000 toneladas de grano de Ucrania<\/a> (Aqu\u00ed Europa, 24 junio)<\/li><li><a rel=\"noreferrer noopener\" href=\"http:\/\/www.jpmedia.es\/servlet\/getpdf_b2b?id_cliente=5697&amp;clave=CentrodeDocumentacionEuropea&amp;id_noticia=13403951\" target=\"_blank\">M\u00e1s de la mitad de ayudas p\u00fablicas a empresas de 2021, a\u00fan por resolver<\/a> (Expansi\u00f3n, 24 junio)<\/li><li><a rel=\"noreferrer noopener\" href=\"https:\/\/www.huffingtonpost.es\/entry\/borrell-busca-en-iran-un-acuerdo-para-comprar-petroleo-como-alternativa-al-crudo-ruso_es_62b5fba7e4b06169caa67e5c\" target=\"_blank\">Borrell busca en Ir\u00e1n un acuerdo para comprar petr\u00f3leo como alternativa al crudo ruso<\/a> (HuffPost, 24 junio)<\/li><li><a rel=\"noreferrer noopener\" href=\"https:\/\/elpais.com\/internacional\/2022-06-24\/rumania-prepara-una-ley-que-recupera-las-practicas-de-delacion-de-la-epoca-comunista.html\" target=\"_blank\">Rumania prepara una ley que recupera las pr\u00e1cticas de delaci\u00f3n de la \u00e9poca comunista<\/a> (El Pa\u00eds, 24 junio)<\/li><li><a rel=\"noreferrer noopener\" href=\"https:\/\/www.consilium.europa.eu\/es\/meetings\/european-council\/2022\/06\/23-24\/\" target=\"_blank\">Los dirigentes de la UE conceden el estatuto de pa\u00eds candidato a Ucrania y Moldavia<\/a> (Consejo Europeo, 23 junio)<\/li><li><a rel=\"noreferrer noopener\" href=\"https:\/\/spain.representation.ec.europa.eu\/noticias-eventos\/noticias-0\/asociacion-entre-la-ue-y-america-latina-y-el-caribe-fabricacion-de-vacunas-medicamentos-y-2022-06-23_es\" target=\"_blank\">Nueva Asociaci\u00f3n entre la UE y Am\u00e9rica Latina y el Caribe para la fabricaci\u00f3n local de vacunas, medicamentos y otras tecnolog\u00edas sanitarias y el refuerzo de la resiliencia de los sistemas sanitarios<\/a> (Comisi\u00f3n Europea, 23 junio)<\/li><li><a rel=\"noreferrer noopener\" href=\"https:\/\/www.europarl.europa.eu\/spain\/barcelona\/ca\/premsa\/projecte-soc-gran-no-idiota-un-telefon-per-a-casos-de-nens-desapareguts-i-jose-andres-guanyen-el-premi-ciutad%C3%A0-europeu-2022\" target=\"_blank\">El projecte \u201cSoc gran, no idiota\u201d, un tel\u00e8fon per a casos de nens desapareguts i el xef Jos\u00e9 Andr\u00e9s guanyen el Premi Ciutad\u00e0 Europeu 2022<\/a> (Parlament Europeu, 23 juny)<\/li><li><a rel=\"noreferrer noopener\" href=\"https:\/\/ec.europa.eu\/commission\/presscorner\/detail\/es\/ip_22_3920\" target=\"_blank\">Nueva asociaci\u00f3n paneuropea sobre cultura y creatividad<\/a> (Comisi\u00f3n Europea, 23 junio)<\/li><li><a rel=\"noreferrer noopener\" href=\"https:\/\/www.elmundo.es\/espana\/2022\/06\/23\/62b430b2e4d4d8c7128b45db.html\" target=\"_blank\">El 83% de los espa\u00f1oles apoya la permanencia en la OTAN y la mayor\u00eda ve a Rusia responsable de la guerra en Ucrania<\/a> (El Mundo, 23 junio)<\/li><li><a rel=\"noreferrer noopener\" href=\"https:\/\/www.elmundo.es\/espana\/2022\/06\/23\/62b46a2dfc6c83f52d8b45d0.html\" target=\"_blank\">Feij\u00f3o pide en Bruselas que la UE autorice la suspensi\u00f3n del impuesto de hidrocarburos<\/a> (El Mundo, 23 junio)<\/li><li><a rel=\"noreferrer noopener\" href=\"https:\/\/ec.europa.eu\/commission\/presscorner\/detail\/es\/ip_22_3921\" target=\"_blank\">La Comisi\u00f3n presenta un nuevo enfoque de los acuerdos comerciales para promover un crecimiento ecol\u00f3gico y justo<\/a> (Comisi\u00f3n Europea, 22 junio)<\/li><li><a rel=\"noreferrer noopener\" href=\"https:\/\/ec.europa.eu\/commission\/presscorner\/detail\/es\/ip_22_3746\" target=\"_blank\">Pacto Verde: propuestas pioneras para restaurar la naturaleza en Europa de aqu\u00ed a 2050 y reducir a la mitad el uso de plaguicidas de aqu\u00ed a 2030<\/a> (Comisi\u00f3n Europea, 22 junio)<\/li><li><a rel=\"noreferrer noopener\" href=\"https:\/\/www.europarl.europa.eu\/spain\/barcelona\/ca\/premsa\/eurobarometre-ciutadans-donen-suport-a-resposta-ue-guerra-ucraina\" target=\"_blank\">Eurobar\u00f2metre: els ciutadans donen suport a la resposta de la UE a la guerra d\u2019Ucra\u00efna<\/a> (Parlament Europeu, 22 juny)<\/li><li><a rel=\"noreferrer noopener\" href=\"https:\/\/www.eldiario.es\/desalambre\/acuerdo-21-paises-europeos-adoptar-mecanismo-reparto-refugiados_1_9108089.html\" target=\"_blank\">Acuerdo de 21 pa\u00edses europeos para adoptar un mecanismo de reparto de refugiados<\/a> (elDiario.es, 22 junio)<\/li><li><a rel=\"noreferrer noopener\" href=\"http:\/\/www.jpmedia.es\/servlet\/getpdf_b2b?id_cliente=5697&amp;clave=CentrodeDocumentacionEuropea&amp;id_noticia=13400294\" target=\"_blank\">El Gobierno solo gast\u00f3 2.400 millones de los fondos europeos en 2021<\/a> (El Pa\u00eds, 22 junio)<\/li><li><a rel=\"noreferrer noopener\" href=\"http:\/\/www.aquieuropa.com\/noticia\/70242-se-eliminan-los-parrafos-contra-espana-en-un-informe-del-consejo-de-europa\" target=\"_blank\">Se eliminan los parrafos contra Espa\u00f1a en un informe del Consejo de Europa<\/a> (Aqu\u00ed Europea, 22 junio)<\/li><li><a rel=\"noreferrer noopener\" href=\"https:\/\/ec.europa.eu\/commission\/presscorner\/detail\/es\/ip_22_3710\" target=\"_blank\">Ganadores del 30.\u00ba Premio de periodismo Lorenzo Natali: Ritwika Mitra por revelar las actividades de trata de seres humanos en la India, R\u00e9mi Carton y Paul Boyer por se\u00f1alar la esclavitud infantil en Hait\u00ed y V\u00e2nia Maia por hablar de la precaria situaci\u00f3n de los trabajadores inmigrantes en Portugal<\/a> (Comisi\u00f3n Europea, 22 junio)<\/li><li><a rel=\"noreferrer noopener\" href=\"https:\/\/www.consilium.europa.eu\/es\/press\/press-releases\/2022\/06\/21\/council-and-parliament-agree-to-reduce-limit-values-for-the-presence-of-persistent-organic-pollutants-in-waste\/\" target=\"_blank\">Acuerdo para reducir los valores l\u00edmite para la presencia de contaminantes org\u00e1nicos persistentes en los residuos<\/a> (Consejo de la UE, 21 junio)<\/li><li><a rel=\"noreferrer noopener\" href=\"https:\/\/www.consilium.europa.eu\/es\/press\/press-releases\/2022\/06\/21\/council-pushes-for-further-actions-to-protect-journalists-and-media-professionals\/\" target=\"_blank\">Nuevas medidas para proteger a los periodistas y a los profesionales de los medios de comunicaci\u00f3n<\/a> (Consejo de la UE, 21 junio)<\/li><li><a rel=\"noreferrer noopener\" href=\"https:\/\/ec.europa.eu\/commission\/presscorner\/detail\/es\/ip_22_3855\" target=\"_blank\">La Comisi\u00f3n a\u00fana esfuerzos con los Estados miembros para poner en marcha una nube colaborativa para el patrimonio cultural de Europa<\/a> (Comisi\u00f3n Europea, 21 junio)<\/li><li><a rel=\"noreferrer noopener\" href=\"https:\/\/ec.europa.eu\/commission\/presscorner\/detail\/es\/ip_22_3823\" target=\"_blank\">TikTok commits to align with EU rules to better protect consumers<\/a> (European Commission, 21 June)<\/li><\/ul>\n\n\n\n<p class=\"has-text-align-right\"><em><a rel=\"noreferrer noopener\" href=\"https:\/\/eformularis.uab.cat\/web\/cde\/cdeinscripciobutlleti\" target=\"_blank\">Formulari d\u2019alta de la newsletter<\/a><\/em><\/p>\n","protected":false},"excerpt":{"rendered":"<p>Dimarts 28 de juny del 2022 PUBLICACIONS Publicacions online sobre la UE N. 21 (Maig 2022) El Derecho de la UE y su aplicaci\u00f3n Mayo 2022 ACTIVITATS Col\u00b7loqui \u201cEl vot a l\u2019extrema dreta en el context europeu: estancament o represa?\u201d, organitzat per l\u2019Institut de Ci\u00e8ncies Pol\u00edtiques i Socials (Barcelona, 28 juny, 18:30 h.) Jornada \u201cSom [&hellip;]<\/p>\n","protected":false},"author":50,"featured_media":0,"comment_status":"closed","ping_status":"closed","sticky":false,"template":"","format":"standard","meta":{"footnotes":""},"categories":[1],"tags":[],"class_list":["post-19904","post","type-post","status-publish","format-standard","hentry","category-general"],"_links":{"self":[{"href":"https:\/\/webs.uab.cat\/cdeanuncis\/wp-json\/wp\/v2\/posts\/19904","targetHints":{"allow":["GET"]}}],"collection":[{"href":"https:\/\/webs.uab.cat\/cdeanuncis\/wp-json\/wp\/v2\/posts"}],"about":[{"href":"https:\/\/webs.uab.cat\/cdeanuncis\/wp-json\/wp\/v2\/types\/post"}],"author":[{"embeddable":true,"href":"https:\/\/webs.uab.cat\/cdeanuncis\/wp-json\/wp\/v2\/users\/50"}],"replies":[{"embeddable":true,"href":"https:\/\/webs.uab.cat\/cdeanuncis\/wp-json\/wp\/v2\/comments?post=19904"}],"version-history":[{"count":1,"href":"https:\/\/webs.uab.cat\/cdeanuncis\/wp-json\/wp\/v2\/posts\/19904\/revisions"}],"predecessor-version":[{"id":19954,"href":"https:\/\/webs.uab.cat\/cdeanuncis\/wp-json\/wp\/v2\/posts\/19904\/revisions\/19954"}],"wp:attachment":[{"href":"https:\/\/webs.uab.cat\/cdeanuncis\/wp-json\/wp\/v2\/media?parent=19904"}],"wp:term":[{"taxonomy":"category","embeddable":true,"href":"https:\/\/webs.uab.cat\/cdeanuncis\/wp-json\/wp\/v2\/categories?post=19904"},{"taxonomy":"post_tag","embeddable":true,"href":"https:\/\/webs.uab.cat\/cdeanuncis\/wp-json\/wp\/v2\/tags?post=19904"}],"curies":[{"name":"wp","href":"https:\/\/api.w.org\/{rel}","templated":true}]}}