{"id":20237,"date":"2022-10-26T10:22:36","date_gmt":"2022-10-26T08:22:36","guid":{"rendered":"https:\/\/webs.uab.cat\/cdeanuncis\/?p=20237"},"modified":"2025-05-24T10:03:54","modified_gmt":"2025-05-24T08:03:54","slug":"universitat-europea-del-ccme","status":"publish","type":"post","link":"https:\/\/webs.uab.cat\/cdeanuncis\/2022\/10\/26\/universitat-europea-del-ccme\/","title":{"rendered":"Universitat Europea del CCME"},"content":{"rendered":"\n<p class=\"wp-block-paragraph\">Amb el t\u00edtol \u201cEUROPA ES PREPARA PER A LES NOVES GENERACIONS\u201d, i en el marc de l\u2019<a rel=\"noreferrer noopener\" href=\"https:\/\/youth.europa.eu\/year-of-youth_es\" data-type=\"URL\" data-id=\"https:\/\/youth.europa.eu\/year-of-youth_es\" target=\"_blank\">Any Europeu de la Joventut<\/a> es va celebrar, el 7 i 8 d\u2019octubre, la primera edici\u00f3 de la Universitat Europea del <a rel=\"noreferrer noopener\" href=\"https:\/\/movimenteuropeu.cat\/\" data-type=\"URL\" data-id=\"https:\/\/movimenteuropeu.cat\/\" target=\"_blank\">Consell Catal\u00e0 del Moviment Europeu (CCME)<\/a>, al Museu de la Mediterr\u00e0nia de Torroella de Montgr\u00ed. <\/p>\n\n\n\n<p class=\"wp-block-paragraph\">Va haver-hi quatre taules que van tractat els seg\u00fcents temes:  <\/p>\n\n\n\n<ul class=\"wp-block-list\"><li>Confer\u00e8ncia sobre el Futur d\u2019Europa (CoFoE): Valoraci\u00f3 i efectes.<\/li><li>Respon la Uni\u00f3 Europa a les necessitats de la joventut?.<\/li><li> Aportacions i mancances de la Uni\u00f3 Europea als municipis.<\/li><li>Els efectes pol\u00edtics, econ\u00f2mics i socials de la guerra d&#8217;Ucra\u00efna<\/li><\/ul>\n\n\n\n<p class=\"wp-block-paragraph\">Van ser m\u00e9s de nou hores d\u2019informaci\u00f3 i intens debat sobre temes europeus, que van atreure molt p\u00fablic jove i, entre ells, molts estudiants del <a rel=\"noreferrer noopener\" href=\"https:\/\/www.uab.cat\/web\/estudiar\/l-oferta-de-masters-oficials\/informacio-general-1096480139517.html?param1=1096482864949\" data-type=\"URL\" data-id=\"https:\/\/www.uab.cat\/web\/estudiar\/l-oferta-de-masters-oficials\/informacio-general-1096480139517.html?param1=1096482864949\" target=\"_blank\">M\u00e0ster Oficial en Integraci\u00f3 Europea de la UAB<\/a>.<\/p>\n\n\n\n<p class=\"wp-block-paragraph\">Donem la benvinguda a aquesta nova iniciativa, que esperem arribi a celebrar moltes edicions.<\/p>\n\n\n\n<p class=\"wp-block-paragraph\"><\/p>\n","protected":false},"excerpt":{"rendered":"<p>Amb el t\u00edtol \u201cEUROPA ES PREPARA PER A LES NOVES GENERACIONS\u201d, i en el marc de l\u2019Any Europeu de la Joventut es va celebrar, el 7 i 8 d\u2019octubre, la primera edici\u00f3 de la Universitat Europea del Consell Catal\u00e0 del Moviment Europeu (CCME), al Museu de la Mediterr\u00e0nia de Torroella de Montgr\u00ed. Va haver-hi quatre [&hellip;]<\/p>\n","protected":false},"author":50,"featured_media":20247,"comment_status":"closed","ping_status":"closed","sticky":false,"template":"","format":"standard","meta":{"footnotes":""},"categories":[9],"tags":[50],"class_list":["post-20237","post","type-post","status-publish","format-standard","has-post-thumbnail","hentry","category-conferencies-cursos-tallers-seminaris","tag-ccmeur"],"_links":{"self":[{"href":"https:\/\/webs.uab.cat\/cdeanuncis\/wp-json\/wp\/v2\/posts\/20237","targetHints":{"allow":["GET"]}}],"collection":[{"href":"https:\/\/webs.uab.cat\/cdeanuncis\/wp-json\/wp\/v2\/posts"}],"about":[{"href":"https:\/\/webs.uab.cat\/cdeanuncis\/wp-json\/wp\/v2\/types\/post"}],"author":[{"embeddable":true,"href":"https:\/\/webs.uab.cat\/cdeanuncis\/wp-json\/wp\/v2\/users\/50"}],"replies":[{"embeddable":true,"href":"https:\/\/webs.uab.cat\/cdeanuncis\/wp-json\/wp\/v2\/comments?post=20237"}],"version-history":[{"count":7,"href":"https:\/\/webs.uab.cat\/cdeanuncis\/wp-json\/wp\/v2\/posts\/20237\/revisions"}],"predecessor-version":[{"id":20248,"href":"https:\/\/webs.uab.cat\/cdeanuncis\/wp-json\/wp\/v2\/posts\/20237\/revisions\/20248"}],"wp:featuredmedia":[{"embeddable":true,"href":"https:\/\/webs.uab.cat\/cdeanuncis\/wp-json\/wp\/v2\/media\/20247"}],"wp:attachment":[{"href":"https:\/\/webs.uab.cat\/cdeanuncis\/wp-json\/wp\/v2\/media?parent=20237"}],"wp:term":[{"taxonomy":"category","embeddable":true,"href":"https:\/\/webs.uab.cat\/cdeanuncis\/wp-json\/wp\/v2\/categories?post=20237"},{"taxonomy":"post_tag","embeddable":true,"href":"https:\/\/webs.uab.cat\/cdeanuncis\/wp-json\/wp\/v2\/tags?post=20237"}],"curies":[{"name":"wp","href":"https:\/\/api.w.org\/{rel}","templated":true}]}}