{"id":21484,"date":"2023-07-04T11:55:18","date_gmt":"2023-07-04T09:55:18","guid":{"rendered":"https:\/\/webs.uab.cat\/cdeanuncis\/?p=21484"},"modified":"2025-03-14T09:37:55","modified_gmt":"2025-03-14T07:37:55","slug":"noves-adquisicions-juny-2023","status":"publish","type":"post","link":"https:\/\/webs.uab.cat\/cdeanuncis\/2023\/07\/04\/noves-adquisicions-juny-2023\/","title":{"rendered":"Noves monografies sobre la UE a les Biblioteques UAB (Juny 2023)"},"content":{"rendered":"\n<blockquote class=\"wp-block-quote is-layout-flow wp-block-quote-is-layout-flow\">\n<p class=\"wp-block-paragraph\"><a href=\"https:\/\/bibcercador.uab.cat\/discovery\/fulldisplay?docid=alma991010817822706709&amp;context=L&amp;vid=34CSUC_UAB:VU1&amp;lang=ca&amp;search_scope=MyInst_and_CI&amp;adaptor=Local%20Search%20Engine&amp;tab=Everything\">2019 European elections: the EU party democracy and the challenge of national populism<\/a><\/p>\n<cite>Matiu\u021ba, Cristina (ed.) (2020)<\/cite><\/blockquote>\n\n\n\n<blockquote class=\"wp-block-quote is-layout-flow wp-block-quote-is-layout-flow\">\n<p class=\"wp-block-paragraph\"><a href=\"https:\/\/bibcercador.uab.cat\/discovery\/fulldisplay?docid=cdi_oapen_doabooks_100746&amp;context=PC&amp;vid=34CSUC_UAB:VU1&amp;lang=ca&amp;search_scope=MyInst_and_CI&amp;adaptor=Primo%20Central&amp;tab=Everything\">Assessing the Social Impact of Immigration in Europe<\/a><\/p>\n<cite>Gruber, Marika ; Rauhut, Daniel ; Laine, Jussi P (2023)<\/cite><\/blockquote>\n\n\n\n<blockquote class=\"wp-block-quote is-layout-flow wp-block-quote-is-layout-flow\">\n<p class=\"wp-block-paragraph\"><a href=\"https:\/\/bibcercador.uab.cat\/discovery\/fulldisplay?docid=alma991010817743306709&amp;context=L&amp;vid=34CSUC_UAB:VU1&amp;lang=ca&amp;search_scope=MyInst_and_CI&amp;adaptor=Local%20Search%20Engine&amp;tab=Everything\">Britain and the Political Economy of European Military Aerospace Collaboration, 1960-2023<\/a><\/p>\n<cite>Keith Hayward (2022)<\/cite><\/blockquote>\n\n\n\n<blockquote class=\"wp-block-quote is-layout-flow wp-block-quote-is-layout-flow\">\n<p class=\"wp-block-paragraph\"><a href=\"https:\/\/bibcercador.uab.cat\/discovery\/fulldisplay?docid=alma991010810831106709&amp;context=L&amp;vid=34CSUC_UAB:VU1&amp;lang=ca&amp;search_scope=MyInst_and_CI&amp;adaptor=Local%20Search%20Engine&amp;tab=Everything\">Coalition agreements as control devices: coalition governance in Western and Eastern Europe<\/a><\/p>\n<cite>Kl\u00fcve, Heike;&nbsp;B\u00e4ck, Hanna; Krauss,Svenja (2023)<\/cite><\/blockquote>\n\n\n\n<blockquote class=\"wp-block-quote is-layout-flow wp-block-quote-is-layout-flow\">\n<p class=\"wp-block-paragraph\"><a href=\"https:\/\/bibcercador.uab.cat\/discovery\/fulldisplay?docid=alma991010817749006709&amp;context=L&amp;vid=34CSUC_UAB:VU1&amp;lang=ca&amp;search_scope=MyInst_and_CI&amp;adaptor=Local%20Search%20Engine&amp;tab=Everything\">Constructing the limits of Europe: identity and foreign policy in Poland, Bulgaria, and Russia since 1989<\/a><\/p>\n<cite>Filipova, Rumena Valentinova (2022)<\/cite><\/blockquote>\n\n\n\n<blockquote class=\"wp-block-quote is-layout-flow wp-block-quote-is-layout-flow\">\n<p class=\"wp-block-paragraph\"><a href=\"https:\/\/bibcercador.uab.cat\/discovery\/fulldisplay?docid=alma991010811692206709&amp;context=L&amp;vid=34CSUC_UAB:VU1&amp;lang=ca&amp;search_scope=MyInst_and_CI&amp;adaptor=Local%20Search%20Engine&amp;tab=Everything\">Data practices: making up a European people<\/a><\/p>\n<cite>Scheel, Stephan; Ruppert, Evelyn Sharon (2022)<\/cite><\/blockquote>\n\n\n\n<blockquote class=\"wp-block-quote is-layout-flow wp-block-quote-is-layout-flow\">\n<p class=\"wp-block-paragraph\"><a href=\"https:\/\/bibcercador.uab.cat\/discovery\/fulldisplay?docid=cdi_casalini_monographs_4780614&amp;context=PC&amp;vid=34CSUC_UAB:VU1&amp;lang=ca&amp;search_scope=MyInst_and_CI&amp;adaptor=Primo%20Central&amp;tab=Everything\">Denominaciones geogr\u00e1ficas de calidad: estudio de su r\u00e9gimen jur\u00eddico en la OMC, la  Uni\u00f3n Europea&nbsp;y el Derecho espa\u00f1ol<\/a><\/p>\n<cite>Guillem Carrau, Javier (2021)<\/cite><\/blockquote>\n\n\n\n<blockquote class=\"wp-block-quote is-layout-flow wp-block-quote-is-layout-flow\">\n<p class=\"wp-block-paragraph\"><a href=\"https:\/\/bibcercador.uab.cat\/discovery\/fulldisplay?docid=cdi_proquest_ebookcentral_EBC30562836&amp;context=PC&amp;vid=34CSUC_UAB:VU1&amp;lang=ca&amp;search_scope=MyInst_and_CI&amp;adaptor=Primo%20Central&amp;tab=Everything\">Direito Digital e Intelig\u00eancia Artificial: Di\u00e1logos Entre Brasil e Europa<\/a><\/p>\n<cite>Barbosa, Mafalda Miranda (et al.) (2021)<\/cite><\/blockquote>\n\n\n\n<blockquote class=\"wp-block-quote is-layout-flow wp-block-quote-is-layout-flow\">\n<p class=\"wp-block-paragraph\"><a href=\"https:\/\/bibcercador.uab.cat\/discovery\/fulldisplay?docid=cdi_casalini_monographs_4938887&amp;context=PC&amp;vid=34CSUC_UAB:VU1&amp;lang=ca&amp;search_scope=MyInst_and_CI&amp;adaptor=Primo%20Central&amp;tab=Everything\">El Derecho a la protecci\u00f3n de datos personales en Europa y en Am\u00e9rica: diferentes visiones para una misma realidad<\/a><\/p>\n<cite>Moreno Bobadilla, \u00c1ngela ; Serrano Maillo, Mar\u00eda Isabel (2021)<\/cite><\/blockquote>\n\n\n\n<blockquote class=\"wp-block-quote is-layout-flow wp-block-quote-is-layout-flow\">\n<p class=\"wp-block-paragraph\"><a href=\"https:\/\/bibcercador.uab.cat\/discovery\/fulldisplay?docid=cdi_casalini_monographs_4938915&amp;context=PC&amp;vid=34CSUC_UAB:VU1&amp;lang=ca&amp;search_scope=MyInst_and_CI&amp;adaptor=Primo%20Central&amp;tab=Everything\">El Impacto Social de la Gobernanza Econ\u00f3mica Europea<\/a><\/p>\n<cite>P\u00e9rez del Prado, Daniel (2021)<\/cite><\/blockquote>\n\n\n\n<blockquote class=\"wp-block-quote is-layout-flow wp-block-quote-is-layout-flow\">\n<p class=\"wp-block-paragraph\"><a href=\"https:\/\/bibcercador.uab.cat\/discovery\/fulldisplay?docid=cdi_casalini_monographs_5461758&amp;context=PC&amp;vid=34CSUC_UAB:VU1&amp;lang=ca&amp;search_scope=MyInst_and_CI&amp;adaptor=Primo%20Central&amp;tab=Everything\">Emerging European Economies after the Pandemic: Emerging European Economies after the Pandemic : Stuck in the Middle Income Trap?<\/a><\/p>\n<cite>M\u00e1ty\u00e1s, L\u00e1szl\u00f3 (2022)<\/cite><\/blockquote>\n\n\n\n<blockquote class=\"wp-block-quote is-layout-flow wp-block-quote-is-layout-flow\">\n<p class=\"wp-block-paragraph\"><a href=\"https:\/\/bibcercador.uab.cat\/discovery\/fulldisplay?docid=alma991010817767206709&amp;context=L&amp;vid=34CSUC_UAB:VU1&amp;lang=ca&amp;search_scope=MyInst_and_CI&amp;adaptor=Local%20Search%20Engine&amp;tab=Everything\">European Arrest Warrant: Practice in Greece, the Netherlands and Polan.<\/a><\/p>\n<cite>Barbosa, Renata (et al.) (2022)<\/cite><\/blockquote>\n\n\n\n<blockquote class=\"wp-block-quote is-layout-flow wp-block-quote-is-layout-flow\">\n<p class=\"wp-block-paragraph\"><a href=\"https:\/\/bibcercador.uab.cat\/discovery\/fulldisplay?docid=alma991010813110406709&amp;context=L&amp;vid=34CSUC_UAB:VU1&amp;lang=ca&amp;search_scope=MyInst_and_CI&amp;adaptor=Local%20Search%20Engine&amp;tab=Everything\">European Citizens\u2019 Initiative: A Tool for Engagement and Active Citizenship<\/a><\/p>\n<cite>Universit\u00e4tsverlag G\u00f6ttingen (2023)<\/cite><\/blockquote>\n\n\n\n<blockquote class=\"wp-block-quote is-layout-flow wp-block-quote-is-layout-flow\">\n<p class=\"wp-block-paragraph\"><a href=\"https:\/\/bibcercador.uab.cat\/permalink\/34CSUC_UAB\/cugbhl\/alma991010812890206709\" data-type=\"URL\" data-id=\"https:\/\/bibcercador.uab.cat\/permalink\/34CSUC_UAB\/cugbhl\/alma991010812890206709\" target=\"_blank\" rel=\"noreferrer noopener\">European Studies and Europe: Twenty Years of Euroculture<\/a><\/p>\n<cite>Jong, Janny De (ed.) (2020)<\/cite><\/blockquote>\n\n\n\n<blockquote class=\"wp-block-quote is-layout-flow wp-block-quote-is-layout-flow\">\n<p class=\"wp-block-paragraph\"><a href=\"https:\/\/bibcercador.uab.cat\/discovery\/fulldisplay?docid=alma991010815855406709&amp;context=L&amp;vid=34CSUC_UAB:VU1&amp;lang=ca&amp;search_scope=MyInst_and_CI&amp;adaptor=Local%20Search%20Engine&amp;tab=Everything\">European Union&nbsp;Support for Colombia&#8217;s Peace Process : Civil Society, Human Rights and Territorial Peace.<\/a><\/p>\n<cite>P\u00e9rez de Armi\u00f1o, Karlos (2023)<\/cite><\/blockquote>\n\n\n\n<blockquote class=\"wp-block-quote is-layout-flow wp-block-quote-is-layout-flow\">\n<p class=\"wp-block-paragraph\"><a href=\"https:\/\/bibcercador.uab.cat\/discovery\/fulldisplay?docid=alma991010813463306709&amp;context=L&amp;vid=34CSUC_UAB:VU1&amp;lang=ca&amp;search_scope=MyInst_and_CI&amp;adaptor=Local%20Search%20Engine&amp;tab=Everything\">Genre et islamophobie: Discriminations, pr\u00e9jug\u00e9s et repr\u00e9sentations en Europe<\/a><\/p>\n<cite>P\u00e9rez de Armi\u00f1o, Karlos (2023)<\/cite><\/blockquote>\n\n\n\n<blockquote class=\"wp-block-quote is-layout-flow wp-block-quote-is-layout-flow\">\n<p class=\"wp-block-paragraph\"><a href=\"https:\/\/bibcercador.uab.cat\/discovery\/fulldisplay?docid=cdi_casalini_monographs_4949051&amp;context=PC&amp;vid=34CSUC_UAB:VU1&amp;lang=ca&amp;search_scope=MyInst_and_CI&amp;adaptor=Primo%20Central&amp;tab=Everything\">Il mondo al tempo del Covid: l&#8217;ora dell&#8217;Europa: rapporto ISPI 2021<\/a><\/p>\n<cite>Colombo, Alessandro ; Magri, Paolo (2021)<\/cite><\/blockquote>\n\n\n\n<blockquote class=\"wp-block-quote is-layout-flow wp-block-quote-is-layout-flow\">\n<p class=\"wp-block-paragraph\"><a href=\"https:\/\/bibcercador.uab.cat\/discovery\/fulldisplay?docid=cdi_casalini_monographs_5457408&amp;context=PC&amp;vid=34CSUC_UAB:VU1&amp;lang=ca&amp;search_scope=MyInst_and_CI&amp;adaptor=Primo%20Central&amp;tab=Everything\">La anatom\u00eda de la justicia constitucional europea<\/a><\/p>\n<cite>Arriola Ech\u00e1niz, Naiara ; Gordillo P\u00e9rez, Luis I. (2022)<\/cite><\/blockquote>\n\n\n\n<blockquote class=\"wp-block-quote is-layout-flow wp-block-quote-is-layout-flow\">\n<p class=\"wp-block-paragraph\"><a href=\"https:\/\/bibcercador.uab.cat\/discovery\/fulldisplay?docid=cdi_casalini_monographs_4898049&amp;context=PC&amp;vid=34CSUC_UAB:VU1&amp;lang=ca&amp;search_scope=MyInst_and_CI&amp;adaptor=Primo%20Central&amp;tab=Everything\">La competencia de los tribunales en el derecho de familia internacional: reglamentos europeos 2201\/2003, Reglamento 2019\/1111, 4\/2009<\/a><\/p>\n<cite>Castellanos Ruiz, Esperanza (20219<\/cite><\/blockquote>\n\n\n\n<blockquote class=\"wp-block-quote is-layout-flow wp-block-quote-is-layout-flow\">\n<p class=\"wp-block-paragraph\"><a href=\"https:\/\/bibcercador.uab.cat\/discovery\/fulldisplay?docid=cdi_casalini_monographs_4651215&amp;context=PC&amp;vid=34CSUC_UAB:VU1&amp;lang=ca&amp;search_scope=MyInst_and_CI&amp;adaptor=Primo%20Central&amp;tab=Everything\">La integraci\u00f3n de la seguridad y la defensa en la Uni\u00f3n Europea: un nuevo instrumento de actuaci\u00f3n internacional para un actor global en el siglo XXI<\/a><\/p>\n<cite>Castro Ruano, Jos\u00e9 Luis de (2020)<\/cite><\/blockquote>\n\n\n\n<blockquote class=\"wp-block-quote is-layout-flow wp-block-quote-is-layout-flow\">\n<p class=\"wp-block-paragraph\"><a href=\"https:\/\/bibcercador.uab.cat\/discovery\/fulldisplay?docid=alma991010813344706709&amp;context=L&amp;vid=34CSUC_UAB:VU1&amp;lang=ca&amp;search_scope=MyInst_and_CI&amp;adaptor=Local%20Search%20Engine&amp;tab=Everything\">La protecci\u00f3n del menor en el derecho europeo y espa\u00f1ol: El sharenting y su problem\u00e1tica<\/a><\/p>\n<cite>Garc\u00eda Garc\u00eda, Ainoa (2021)<\/cite><\/blockquote>\n\n\n\n<blockquote class=\"wp-block-quote is-layout-flow wp-block-quote-is-layout-flow\">\n<p class=\"wp-block-paragraph\"><a href=\"https:\/\/bibcercador.uab.cat\/discovery\/fulldisplay?docid=cdi_casalini_monographs_4780613&amp;context=PC&amp;vid=34CSUC_UAB:VU1&amp;lang=ca&amp;search_scope=MyInst_and_CI&amp;adaptor=Primo%20Central&amp;tab=Everything\">La protecci\u00f3n de las v\u00edctimas en la Uni\u00f3n Europea: de la obligaci\u00f3n estatal positiva de proteger a las v\u00edctimas de violencia de g\u00e9nero a su tutela judicial<\/a><\/p>\n<cite>Borges Bl\u00e1zquez, Raquel (2021)<\/cite><\/blockquote>\n\n\n\n<blockquote class=\"wp-block-quote is-layout-flow wp-block-quote-is-layout-flow\">\n<p class=\"wp-block-paragraph\"><a href=\"https:\/\/bibcercador.uab.cat\/discovery\/fulldisplay?docid=cdi_casalini_monographs_4869659&amp;context=PC&amp;vid=34CSUC_UAB:VU1&amp;lang=ca&amp;search_scope=MyInst_and_CI&amp;adaptor=Primo%20Central&amp;tab=Everything\">La Uni\u00f3n Europea&nbsp;y los muros materiales e inmateriales: desaf\u00edos para la seguridad, la sostenibilidad y el Estado de derecho<\/a><\/p>\n<cite>Salinas de Fr\u00edas, Ana Ma ; Mart\u00ednez P\u00e9rez, Enrique J (2021)<\/cite><\/blockquote>\n\n\n\n<blockquote class=\"wp-block-quote is-layout-flow wp-block-quote-is-layout-flow\">\n<p class=\"wp-block-paragraph\"><a href=\"https:\/\/bibcercador.uab.cat\/discovery\/fulldisplay?docid=alma991010817791606709&amp;context=L&amp;vid=34CSUC_UAB:VU1&amp;lang=ca&amp;search_scope=MyInst_and_CI&amp;adaptor=Local%20Search%20Engine&amp;tab=Everything\">Left populism in Europe: lessons from Jeremy Corbyn to Podemos<\/a><\/p>\n<cite>Prentoulis, Marina (2021)<\/cite><\/blockquote>\n\n\n\n<blockquote class=\"wp-block-quote is-layout-flow wp-block-quote-is-layout-flow\">\n<p class=\"wp-block-paragraph\"><a href=\"https:\/\/bibcercador.uab.cat\/discovery\/fulldisplay?docid=alma991010818616606709&amp;context=L&amp;vid=34CSUC_UAB:VU1&amp;lang=ca&amp;search_scope=MyInst_and_CI&amp;adaptor=Local%20Search%20Engine&amp;tab=Everything\">Marco normativo de la UE para la transformaci\u00f3n digital<\/a><\/p>\n<cite>Fern\u00e1ndez Hern\u00e1ndez, Carlos.; Velasco N\u00fa\u00f1ez, Eloy (2023)<\/cite><\/blockquote>\n\n\n\n<blockquote class=\"wp-block-quote is-layout-flow wp-block-quote-is-layout-flow\">\n<p class=\"wp-block-paragraph\"><a href=\"https:\/\/bibcercador.uab.cat\/discovery\/fulldisplay?docid=cdi_casalini_monographs_5077533&amp;context=PC&amp;vid=34CSUC_UAB:VU1&amp;lang=ca&amp;search_scope=MyInst_and_CI&amp;adaptor=Primo%20Central&amp;tab=Everything\">Menor y responsabilidad parental en la Uni\u00f3n Europea<\/a><\/p>\n<cite>Gonz\u00e1lez Marim\u00f3n, Mar\u00eda (2021)<\/cite><\/blockquote>\n\n\n\n<blockquote class=\"wp-block-quote is-layout-flow wp-block-quote-is-layout-flow\">\n<p class=\"wp-block-paragraph\"><a href=\"https:\/\/bibcercador.uab.cat\/discovery\/fulldisplay?docid=cdi_oapen_doabooks_100631&amp;context=PC&amp;vid=34CSUC_UAB:VU1&amp;lang=ca&amp;search_scope=MyInst_and_CI&amp;adaptor=Primo%20Central&amp;tab=Everything\">Migrants shaping Europe, past and present<\/a><\/p>\n<cite>Solterer, Helen ; Joos, Vincent (2022)<\/cite><\/blockquote>\n\n\n\n<blockquote class=\"wp-block-quote is-layout-flow wp-block-quote-is-layout-flow\">\n<p class=\"wp-block-paragraph\"><a href=\"https:\/\/bibcercador.uab.cat\/discovery\/fulldisplay?docid=alma991010819534506709&amp;context=L&amp;vid=34CSUC_UAB:VU1&amp;lang=ca&amp;search_scope=MyInst_and_CI&amp;adaptor=Local%20Search%20Engine&amp;tab=Everything\">New Economic Statecraft: China, the United States and the European Union<\/a><\/p>\n<cite>Xiaotong, Zhang (2023)<\/cite><\/blockquote>\n\n\n\n<blockquote class=\"wp-block-quote is-layout-flow wp-block-quote-is-layout-flow\">\n<p class=\"wp-block-paragraph\"><a href=\"https:\/\/bibcercador.uab.cat\/discovery\/fulldisplay?docid=cdi_casalini_monographs_4897956&amp;context=PC&amp;vid=34CSUC_UAB:VU1&amp;lang=ca&amp;search_scope=MyInst_and_CI&amp;adaptor=Primo%20Central&amp;tab=Everything\">Nuevos retos para la democracia liberal: nacionalismos y populismos en Europa<\/a><\/p>\n<cite>Xiaotong, Zhang (2023)<\/cite><\/blockquote>\n\n\n\n<blockquote class=\"wp-block-quote is-layout-flow wp-block-quote-is-layout-flow\">\n<p class=\"wp-block-paragraph\"><a href=\"https:\/\/bibcercador.uab.cat\/discovery\/fulldisplay?docid=cdi_casalini_monographs_5014898&amp;context=PC&amp;vid=34CSUC_UAB:VU1&amp;lang=ca&amp;search_scope=MyInst_and_CI&amp;adaptor=Primo%20Central&amp;tab=Everything\">Periferie europee: istituzioni sociali, politiche, luoghi<\/a><\/p>\n<cite>Locatelli, Andrea Maria ; Martinelli, Nicola ; Besana, Claudio (2021)<\/cite><\/blockquote>\n\n\n\n<blockquote class=\"wp-block-quote is-layout-flow wp-block-quote-is-layout-flow\">\n<p class=\"wp-block-paragraph\"><a href=\"https:\/\/bibcercador.uab.cat\/discovery\/fulldisplay?docid=cdi_casalini_monographs_5073714&amp;context=PC&amp;vid=34CSUC_UAB:VU1&amp;lang=ca&amp;search_scope=MyInst_and_CI&amp;adaptor=Primo%20Central&amp;tab=Everything\">Pol\u00edticas p\u00fablicas de transparencia en las democracias del sur de Europa<\/a><\/p>\n<cite>Pastor Albaladejo, Gema (2021)<\/cite><\/blockquote>\n\n\n\n<blockquote class=\"wp-block-quote is-layout-flow wp-block-quote-is-layout-flow\">\n<p class=\"wp-block-paragraph\"><a href=\"https:\/\/bibcercador.uab.cat\/discovery\/fulldisplay?docid=alma991010819043906709&amp;context=L&amp;vid=34CSUC_UAB:VU1&amp;lang=ca&amp;search_scope=MyInst_and_CI&amp;adaptor=Local%20Search%20Engine&amp;tab=Everything\">Post-Brexit&nbsp;Europe and UK<\/a><\/p>\n<cite>Geoffrey Edwards,&nbsp;Abdullah Baabood,&nbsp;Diana Galeeva (ed.) (2022)<\/cite><\/blockquote>\n\n\n\n<blockquote class=\"wp-block-quote is-layout-flow wp-block-quote-is-layout-flow\">\n<p class=\"wp-block-paragraph\"><a href=\"https:\/\/bibcercador.uab.cat\/discovery\/fulldisplay?docid=alma991010817928006709&amp;context=L&amp;vid=34CSUC_UAB:VU1&amp;lang=ca&amp;search_scope=MyInst_and_CI&amp;adaptor=Local%20Search%20Engine&amp;tab=Everything\">Principled pragmatism in practice: the EU&#8217;s policy towards Russia after Crimea<\/a><\/p>\n<cite>Bossuyt, Fabienne.; Elsuwege, Peter Van (ed.) (2021)<\/cite><\/blockquote>\n\n\n\n<blockquote class=\"wp-block-quote is-layout-flow wp-block-quote-is-layout-flow\">\n<p class=\"wp-block-paragraph\"><a href=\"https:\/\/bibcercador.uab.cat\/discovery\/fulldisplay?docid=alma991010817886506709&amp;context=L&amp;vid=34CSUC_UAB:VU1&amp;lang=ca&amp;search_scope=MyInst_and_CI&amp;adaptor=Local%20Search%20Engine&amp;tab=Everything\">Resilient Welfare States in the European Union<\/a><\/p>\n<cite>Hemerijck, Anton;&nbsp;Huguenot-No\u00ebl, Robin (2022)<\/cite><\/blockquote>\n\n\n\n<blockquote class=\"wp-block-quote is-layout-flow wp-block-quote-is-layout-flow\">\n<p class=\"wp-block-paragraph\"><a href=\"https:\/\/bibcercador.uab.cat\/discovery\/fulldisplay?docid=alma991010813046806709&amp;context=L&amp;vid=34CSUC_UAB:VU1&amp;lang=ca&amp;search_scope=MyInst_and_CI&amp;adaptor=Local%20Search%20Engine&amp;tab=Everything\">Solidarit\u00e9 et droit de l\u2019Union europ\u00e9enne: un principe \u00e0 l\u2019\u00e9preuve<\/a><\/p>\n<cite>Brosset, Estelle (editor) (2021)<\/cite><\/blockquote>\n\n\n\n<blockquote class=\"wp-block-quote is-layout-flow wp-block-quote-is-layout-flow\">\n<p class=\"wp-block-paragraph\"><a href=\"https:\/\/bibcercador.uab.cat\/discovery\/fulldisplay?docid=alma991010818526806709&amp;context=L&amp;vid=34CSUC_UAB:VU1&amp;lang=ca&amp;search_scope=MyInst_and_CI&amp;adaptor=Local%20Search%20Engine&amp;tab=Everything\">Sulle tracce della comunit\u00e0 immaginata: identit\u00e0 e istituzioni nell&#8217;Europa degli stati nazionali<\/a><\/p>\n<cite>Geniola, Andrea (ed.) (2022)<\/cite><\/blockquote>\n\n\n\n<blockquote class=\"wp-block-quote is-layout-flow wp-block-quote-is-layout-flow\">\n<p class=\"wp-block-paragraph\"><a href=\"https:\/\/bibcercador.uab.cat\/discovery\/fulldisplay?docid=cdi_oapen_doabooks_100574&amp;context=PC&amp;vid=34CSUC_UAB:VU1&amp;lang=ca&amp;search_scope=MyInst_and_CI&amp;adaptor=Primo%20Central&amp;tab=Everything\">The Environment and the European Public Sphere<\/a><\/p>\n<cite>Wenkel, Christian (2023)<\/cite><\/blockquote>\n\n\n\n<blockquote class=\"wp-block-quote is-layout-flow wp-block-quote-is-layout-flow\">\n<p class=\"wp-block-paragraph\"><a href=\"https:\/\/bibcercador.uab.cat\/permalink\/34CSUC_UAB\/mkmobe\/cdi_casalini_monographs_5200664\" data-type=\"URL\" data-id=\"https:\/\/bibcercador.uab.cat\/permalink\/34CSUC_UAB\/mkmobe\/cdi_casalini_monographs_5200664\" target=\"_blank\" rel=\"noreferrer noopener\">The European Council against EU Law<\/a><\/p>\n<cite>Mart\u00ednez Sierra, Jos\u00e9 Manuel (2022)<\/cite><\/blockquote>\n\n\n\n<blockquote class=\"wp-block-quote is-layout-flow wp-block-quote-is-layout-flow\">\n<p class=\"wp-block-paragraph\"><a href=\"https:\/\/bibcercador.uab.cat\/discovery\/fulldisplay?docid=alma991010817818206709&amp;context=L&amp;vid=34CSUC_UAB:VU1&amp;lang=ca&amp;search_scope=MyInst_and_CI&amp;adaptor=Local%20Search%20Engine&amp;tab=Everything\">The European Union&nbsp;and the use of force<\/a><\/p>\n<cite>Schmidt, Julia Ruth (2020)<\/cite><\/blockquote>\n\n\n\n<blockquote class=\"wp-block-quote is-layout-flow wp-block-quote-is-layout-flow\">\n<p class=\"wp-block-paragraph\"><a href=\"https:\/\/bibcercador.uab.cat\/discovery\/fulldisplay?docid=alma991010817925506709&amp;context=L&amp;vid=34CSUC_UAB:VU1&amp;lang=ca&amp;search_scope=MyInst_and_CI&amp;adaptor=Local%20Search%20Engine&amp;tab=Everything\">The idea of\u00a0Europe: the clash of projections<\/a><\/p>\n<cite>Biti, Vladimir (et al.)  (2021)<\/cite><\/blockquote>\n\n\n\n<blockquote class=\"wp-block-quote is-layout-flow wp-block-quote-is-layout-flow\">\n<p class=\"wp-block-paragraph\"><a href=\"https:\/\/bibcercador.uab.cat\/discovery\/fulldisplay?docid=cdi_oapen_doabooks_101098&amp;context=PC&amp;vid=34CSUC_UAB:VU1&amp;lang=ca&amp;search_scope=MyInst_and_CI&amp;adaptor=Primo%20Central&amp;tab=Everything\">The legal framework for refugee resettlement to the European Union&nbsp;with lessons from the American model<\/a><\/p>\n<cite>Prantl, Janine (2023)<\/cite><\/blockquote>\n\n\n\n<blockquote class=\"wp-block-quote is-layout-flow wp-block-quote-is-layout-flow\">\n<p class=\"wp-block-paragraph\"><a href=\"https:\/\/bibcercador.uab.cat\/discovery\/fulldisplay?docid=cdi_casalini_monographs_5054420&amp;context=PC&amp;vid=34CSUC_UAB:VU1&amp;lang=ca&amp;search_scope=MyInst_and_CI&amp;adaptor=Primo%20Central&amp;tab=Everything\">Tribunal constitucional y tribunal de justicia de la Uni\u00f3n Europea. XXVI Jornadas de la Asociaci\u00f3n de Letrados del Tribunal Constitucional<\/a><\/p>\n<cite>Plaza Mart\u00edn, Carmen (2021)<\/cite><\/blockquote>\n\n\n\n<blockquote class=\"wp-block-quote is-layout-flow wp-block-quote-is-layout-flow\">\n<p class=\"wp-block-paragraph\"><a href=\"https:\/\/bibcercador.uab.cat\/discovery\/fulldisplay?docid=alma991010815859606709&amp;context=L&amp;vid=34CSUC_UAB:VU1&amp;lang=ca&amp;search_scope=MyInst_and_CI&amp;adaptor=Local%20Search%20Engine&amp;tab=Everything\">Un r\u00eave culturel : l\u2019Europe au pluriel : Le\u00e7on inaugurale prononc\u00e9e le mardi 18 octobre 2022<\/a><\/p>\n<cite>Bal, Mieke;&nbsp;Bal, Mieke; R\u00f6mer, Thomas (2023)<\/cite><\/blockquote>\n","protected":false},"excerpt":{"rendered":"<p>2019 European elections: the EU party democracy and the challenge of national populism Matiu\u021ba, Cristina (ed.) (2020) Assessing the Social Impact of Immigration in Europe Gruber, Marika ; Rauhut, Daniel ; Laine, Jussi P (2023) Britain and the Political Economy of European Military Aerospace Collaboration, 1960-2023 Keith Hayward (2022) Coalition agreements as control devices: coalition [&hellip;]<\/p>\n","protected":false},"author":50,"featured_media":21510,"comment_status":"closed","ping_status":"closed","sticky":false,"template":"","format":"standard","meta":{"footnotes":""},"categories":[83],"tags":[],"class_list":["post-21484","post","type-post","status-publish","format-standard","has-post-thumbnail","hentry","category-noves-adquisicions"],"_links":{"self":[{"href":"https:\/\/webs.uab.cat\/cdeanuncis\/wp-json\/wp\/v2\/posts\/21484","targetHints":{"allow":["GET"]}}],"collection":[{"href":"https:\/\/webs.uab.cat\/cdeanuncis\/wp-json\/wp\/v2\/posts"}],"about":[{"href":"https:\/\/webs.uab.cat\/cdeanuncis\/wp-json\/wp\/v2\/types\/post"}],"author":[{"embeddable":true,"href":"https:\/\/webs.uab.cat\/cdeanuncis\/wp-json\/wp\/v2\/users\/50"}],"replies":[{"embeddable":true,"href":"https:\/\/webs.uab.cat\/cdeanuncis\/wp-json\/wp\/v2\/comments?post=21484"}],"version-history":[{"count":30,"href":"https:\/\/webs.uab.cat\/cdeanuncis\/wp-json\/wp\/v2\/posts\/21484\/revisions"}],"predecessor-version":[{"id":23564,"href":"https:\/\/webs.uab.cat\/cdeanuncis\/wp-json\/wp\/v2\/posts\/21484\/revisions\/23564"}],"wp:featuredmedia":[{"embeddable":true,"href":"https:\/\/webs.uab.cat\/cdeanuncis\/wp-json\/wp\/v2\/media\/21510"}],"wp:attachment":[{"href":"https:\/\/webs.uab.cat\/cdeanuncis\/wp-json\/wp\/v2\/media?parent=21484"}],"wp:term":[{"taxonomy":"category","embeddable":true,"href":"https:\/\/webs.uab.cat\/cdeanuncis\/wp-json\/wp\/v2\/categories?post=21484"},{"taxonomy":"post_tag","embeddable":true,"href":"https:\/\/webs.uab.cat\/cdeanuncis\/wp-json\/wp\/v2\/tags?post=21484"}],"curies":[{"name":"wp","href":"https:\/\/api.w.org\/{rel}","templated":true}]}}