{"id":21823,"date":"2023-11-14T11:25:34","date_gmt":"2023-11-14T09:25:34","guid":{"rendered":"https:\/\/webs.uab.cat\/cdeanuncis\/?p=21823"},"modified":"2025-05-24T09:57:11","modified_gmt":"2025-05-24T07:57:11","slug":"jornada-de-tarder-del-ccmeur","status":"publish","type":"post","link":"https:\/\/webs.uab.cat\/cdeanuncis\/2023\/11\/14\/jornada-de-tarder-del-ccmeur\/","title":{"rendered":"Jornada de tardor del CCMEUR"},"content":{"rendered":"\n<p class=\"wp-block-paragraph\">Amb el t\u00edtol <strong>\u00abUna Europa m\u00e9s propera. Els municipis i els joves a l\u2019any europeu de les compet\u00e8ncies\u00bb<\/strong> celebrar\u00e0 el Consell Catal\u00e0 del Moviment Europeu la seva jornada de tardor.<\/p>\n\n\n\n<p class=\"wp-block-paragraph\"><strong>Lloc:<\/strong> COBOI-LAB, laboratori d&#8217;innovaci\u00f3 i experimentaci\u00f3 p\u00fablica, Sant Boi de Llobregat<\/p>\n\n\n\n<p class=\"wp-block-paragraph\"><strong>Dies<\/strong>: 23-24 novembre de 2023<\/p>\n\n\n\n<p class=\"wp-block-paragraph\"><a href=\"https:\/\/docs.google.com\/forms\/d\/e\/1FAIpQLScCfF2xB0hwB00RJD-4orT7ex4gDBs30cE8PUobPyLqktMTjw\/viewform\" data-type=\"URL\" data-id=\"https:\/\/docs.google.com\/forms\/d\/e\/1FAIpQLScCfF2xB0hwB00RJD-4orT7ex4gDBs30cE8PUobPyLqktMTjw\/viewform\" target=\"_blank\" rel=\"noreferrer noopener\">Inscripcions<\/a><\/p>\n\n\n\n<div data-wp-interactive=\"core\/file\" class=\"wp-block-file\"><object data-wp-bind--hidden=\"!state.hasPdfPreview\" hidden class=\"wp-block-file__embed\" data=\"https:\/\/webs.uab.cat\/cdeanuncis\/wp-content\/uploads\/sites\/80\/2023\/11\/Programa.pdf\" type=\"application\/pdf\" style=\"width:100%;height:600px\" aria-label=\"Incrustaci\u00f3 del fitxer Programa.\"><\/object><a id=\"wp-block-file--media-5dbeb42a-14ae-45f1-a8cc-65252760533c\" href=\"https:\/\/webs.uab.cat\/cdeanuncis\/wp-content\/uploads\/sites\/80\/2023\/11\/Programa.pdf\">Programa<\/a><a href=\"https:\/\/webs.uab.cat\/cdeanuncis\/wp-content\/uploads\/sites\/80\/2023\/11\/Programa.pdf\" class=\"wp-block-file__button wp-element-button\" download aria-describedby=\"wp-block-file--media-5dbeb42a-14ae-45f1-a8cc-65252760533c\">Baixa<\/a><\/div>\n","protected":false},"excerpt":{"rendered":"<p>Amb el t\u00edtol \u00abUna Europa m\u00e9s propera. Els municipis i els joves a l\u2019any europeu de les compet\u00e8ncies\u00bb celebrar\u00e0 el Consell Catal\u00e0 del Moviment Europeu la seva jornada de tardor. Lloc: COBOI-LAB, laboratori d&#8217;innovaci\u00f3 i experimentaci\u00f3 p\u00fablica, Sant Boi de Llobregat Dies: 23-24 novembre de 2023 Inscripcions<\/p>\n","protected":false},"author":50,"featured_media":0,"comment_status":"closed","ping_status":"closed","sticky":false,"template":"","format":"standard","meta":{"footnotes":""},"categories":[9],"tags":[50],"class_list":["post-21823","post","type-post","status-publish","format-standard","hentry","category-conferencies-cursos-tallers-seminaris","tag-ccmeur"],"_links":{"self":[{"href":"https:\/\/webs.uab.cat\/cdeanuncis\/wp-json\/wp\/v2\/posts\/21823","targetHints":{"allow":["GET"]}}],"collection":[{"href":"https:\/\/webs.uab.cat\/cdeanuncis\/wp-json\/wp\/v2\/posts"}],"about":[{"href":"https:\/\/webs.uab.cat\/cdeanuncis\/wp-json\/wp\/v2\/types\/post"}],"author":[{"embeddable":true,"href":"https:\/\/webs.uab.cat\/cdeanuncis\/wp-json\/wp\/v2\/users\/50"}],"replies":[{"embeddable":true,"href":"https:\/\/webs.uab.cat\/cdeanuncis\/wp-json\/wp\/v2\/comments?post=21823"}],"version-history":[{"count":2,"href":"https:\/\/webs.uab.cat\/cdeanuncis\/wp-json\/wp\/v2\/posts\/21823\/revisions"}],"predecessor-version":[{"id":21827,"href":"https:\/\/webs.uab.cat\/cdeanuncis\/wp-json\/wp\/v2\/posts\/21823\/revisions\/21827"}],"wp:attachment":[{"href":"https:\/\/webs.uab.cat\/cdeanuncis\/wp-json\/wp\/v2\/media?parent=21823"}],"wp:term":[{"taxonomy":"category","embeddable":true,"href":"https:\/\/webs.uab.cat\/cdeanuncis\/wp-json\/wp\/v2\/categories?post=21823"},{"taxonomy":"post_tag","embeddable":true,"href":"https:\/\/webs.uab.cat\/cdeanuncis\/wp-json\/wp\/v2\/tags?post=21823"}],"curies":[{"name":"wp","href":"https:\/\/api.w.org\/{rel}","templated":true}]}}