{"id":22052,"date":"2024-02-22T10:26:02","date_gmt":"2024-02-22T08:26:02","guid":{"rendered":"https:\/\/webs.uab.cat\/cdeanuncis\/?p=22052"},"modified":"2025-05-24T09:54:56","modified_gmt":"2025-05-24T07:54:56","slug":"seminari-sobre-leuropa-dels-drets-humans","status":"publish","type":"post","link":"https:\/\/webs.uab.cat\/cdeanuncis\/2024\/02\/22\/seminari-sobre-leuropa-dels-drets-humans\/","title":{"rendered":"Seminari sobre l&#8217;Europa dels Drets Humans"},"content":{"rendered":"\n<p class=\"has-text-align-center wp-block-paragraph\">M\u00e9s informaci\u00f3 al <a href=\"https:\/\/www.ateneubcn.org\/agenda\/leuropa-dels-drets-humans-punt-mira\" data-type=\"link\" data-id=\"https:\/\/www.ateneubcn.org\/agenda\/leuropa-dels-drets-humans-punt-mira\" target=\"_blank\" rel=\"noreferrer noopener\">web<\/a> de l&#8217;Ateneu Barcelon\u00e8s.<\/p>\n","protected":false},"excerpt":{"rendered":"<p>M\u00e9s informaci\u00f3 al web de l&#8217;Ateneu Barcelon\u00e8s.<\/p>\n","protected":false},"author":50,"featured_media":22053,"comment_status":"closed","ping_status":"closed","sticky":false,"template":"","format":"standard","meta":{"footnotes":""},"categories":[9],"tags":[59],"class_list":["post-22052","post","type-post","status-publish","format-standard","has-post-thumbnail","hentry","category-conferencies-cursos-tallers-seminaris","tag-iee"],"_links":{"self":[{"href":"https:\/\/webs.uab.cat\/cdeanuncis\/wp-json\/wp\/v2\/posts\/22052","targetHints":{"allow":["GET"]}}],"collection":[{"href":"https:\/\/webs.uab.cat\/cdeanuncis\/wp-json\/wp\/v2\/posts"}],"about":[{"href":"https:\/\/webs.uab.cat\/cdeanuncis\/wp-json\/wp\/v2\/types\/post"}],"author":[{"embeddable":true,"href":"https:\/\/webs.uab.cat\/cdeanuncis\/wp-json\/wp\/v2\/users\/50"}],"replies":[{"embeddable":true,"href":"https:\/\/webs.uab.cat\/cdeanuncis\/wp-json\/wp\/v2\/comments?post=22052"}],"version-history":[{"count":3,"href":"https:\/\/webs.uab.cat\/cdeanuncis\/wp-json\/wp\/v2\/posts\/22052\/revisions"}],"predecessor-version":[{"id":22056,"href":"https:\/\/webs.uab.cat\/cdeanuncis\/wp-json\/wp\/v2\/posts\/22052\/revisions\/22056"}],"wp:featuredmedia":[{"embeddable":true,"href":"https:\/\/webs.uab.cat\/cdeanuncis\/wp-json\/wp\/v2\/media\/22053"}],"wp:attachment":[{"href":"https:\/\/webs.uab.cat\/cdeanuncis\/wp-json\/wp\/v2\/media?parent=22052"}],"wp:term":[{"taxonomy":"category","embeddable":true,"href":"https:\/\/webs.uab.cat\/cdeanuncis\/wp-json\/wp\/v2\/categories?post=22052"},{"taxonomy":"post_tag","embeddable":true,"href":"https:\/\/webs.uab.cat\/cdeanuncis\/wp-json\/wp\/v2\/tags?post=22052"}],"curies":[{"name":"wp","href":"https:\/\/api.w.org\/{rel}","templated":true}]}}