{"id":22263,"date":"2024-05-02T14:08:42","date_gmt":"2024-05-02T12:08:42","guid":{"rendered":"https:\/\/webs.uab.cat\/cdeanuncis\/?p=22263"},"modified":"2025-05-24T09:52:01","modified_gmt":"2025-05-24T07:52:01","slug":"setmana-europea-a-sant-cugat","status":"publish","type":"post","link":"https:\/\/webs.uab.cat\/cdeanuncis\/2024\/05\/02\/setmana-europea-a-sant-cugat\/","title":{"rendered":"Dia d&#8217;Europa a Sant Cugat"},"content":{"rendered":"\n<p>Enguany hem col\u00b7laborat amb l&#8217;Institut Joaquima Pla i Farreras en l&#8217;organitzaci\u00f3 d&#8217;activitats per celebrar la Setmana Europea a Sant Cugat. <\/p>\n\n\n\n<p>Aquest centre, que \u00e9s Escola Ambaixadora del Parlament Europeu, s&#8217;ha coordinat amb l&#8217;Ajuntament de Sant Cugat perqu\u00e8 es celebrin una s\u00e8rie d&#8217;activitats al voltant del Dia d&#8217;Europa. Les activitats, compten amb el nostre suport, el de la C\u00e0tedra Jean Monnet EUPOL i el la Representaci\u00f3 de la Comissi\u00f3 Europea a Barcelona.<\/p>\n\n\n\n<p>Fotografies de les activitats a <a href=\"https:\/\/www.flickr.com\/photos\/uabcde\/albums\/72177720317154335\" data-type=\"link\" data-id=\"https:\/\/www.flickr.com\/photos\/uabcde\/albums\/72177720317154335\" target=\"_blank\" rel=\"noreferrer noopener\">Flickr<\/a>.<\/p>\n","protected":false},"excerpt":{"rendered":"<p>Enguany hem col\u00b7laborat amb l&#8217;Institut Joaquima Pla i Farreras en l&#8217;organitzaci\u00f3 d&#8217;activitats per celebrar la Setmana Europea a Sant Cugat. Aquest centre, que \u00e9s Escola Ambaixadora del Parlament Europeu, s&#8217;ha coordinat amb l&#8217;Ajuntament de Sant Cugat perqu\u00e8 es celebrin una s\u00e8rie d&#8217;activitats al voltant del Dia d&#8217;Europa. Les activitats, compten amb el nostre suport, el [&hellip;]<\/p>\n","protected":false},"author":50,"featured_media":22264,"comment_status":"closed","ping_status":"closed","sticky":false,"template":"","format":"standard","meta":{"footnotes":""},"categories":[9,11,14],"tags":[93,109,53],"class_list":["post-22263","post","type-post","status-publish","format-standard","has-post-thumbnail","hentry","category-conferencies-cursos-tallers-seminaris","category-dia-deuropa","category-escoles-instituts","tag-ajuntaments","tag-cde","tag-eupol"],"_links":{"self":[{"href":"https:\/\/webs.uab.cat\/cdeanuncis\/wp-json\/wp\/v2\/posts\/22263","targetHints":{"allow":["GET"]}}],"collection":[{"href":"https:\/\/webs.uab.cat\/cdeanuncis\/wp-json\/wp\/v2\/posts"}],"about":[{"href":"https:\/\/webs.uab.cat\/cdeanuncis\/wp-json\/wp\/v2\/types\/post"}],"author":[{"embeddable":true,"href":"https:\/\/webs.uab.cat\/cdeanuncis\/wp-json\/wp\/v2\/users\/50"}],"replies":[{"embeddable":true,"href":"https:\/\/webs.uab.cat\/cdeanuncis\/wp-json\/wp\/v2\/comments?post=22263"}],"version-history":[{"count":5,"href":"https:\/\/webs.uab.cat\/cdeanuncis\/wp-json\/wp\/v2\/posts\/22263\/revisions"}],"predecessor-version":[{"id":22309,"href":"https:\/\/webs.uab.cat\/cdeanuncis\/wp-json\/wp\/v2\/posts\/22263\/revisions\/22309"}],"wp:featuredmedia":[{"embeddable":true,"href":"https:\/\/webs.uab.cat\/cdeanuncis\/wp-json\/wp\/v2\/media\/22264"}],"wp:attachment":[{"href":"https:\/\/webs.uab.cat\/cdeanuncis\/wp-json\/wp\/v2\/media?parent=22263"}],"wp:term":[{"taxonomy":"category","embeddable":true,"href":"https:\/\/webs.uab.cat\/cdeanuncis\/wp-json\/wp\/v2\/categories?post=22263"},{"taxonomy":"post_tag","embeddable":true,"href":"https:\/\/webs.uab.cat\/cdeanuncis\/wp-json\/wp\/v2\/tags?post=22263"}],"curies":[{"name":"wp","href":"https:\/\/api.w.org\/{rel}","templated":true}]}}