{"id":22335,"date":"2024-06-04T13:53:57","date_gmt":"2024-06-04T11:53:57","guid":{"rendered":"https:\/\/webs.uab.cat\/cdeanuncis\/?p=22335"},"modified":"2025-05-24T11:08:30","modified_gmt":"2025-05-24T09:08:30","slug":"la-uab-reconeguda-en-el-programa-de-masters-internacionals-erasmus-mundus","status":"publish","type":"post","link":"https:\/\/webs.uab.cat\/cdeanuncis\/2024\/06\/04\/la-uab-reconeguda-en-el-programa-de-masters-internacionals-erasmus-mundus\/","title":{"rendered":"La UAB, reconeguda en el programa de m\u00e0sters internacionals Erasmus Mundus"},"content":{"rendered":"\n<p class=\"wp-block-paragraph\"><strong>La UAB ha estat premiada per la Comissi\u00f3 Europea per la traject\u00f2ria i els resultats assolits al llarg dels vint anys d\u2019hist\u00f2ria del Programa Erasmus Mundus, acci\u00f3 competitiva europea per a m\u00e0sters internacionals conjunts d\u2019alt nivell. El premi li ha estat lliurat durant la Confer\u00e8ncia del 20\u00e8 Aniversari del programa, \u201cBeyond Borders and Boundaries: 20 years of Erasmus Mundus\u201d, celebrada els dies 27 i 28 de maig a Brussel\u00b7les.<\/strong><\/p>\n\n\n\n<p class=\"wp-block-paragraph\">El guard\u00f3 ha reconegut la traject\u00f2ria de les deu universitats europees que, durant els vint anys de vida del programa, hi han participat de manera m\u00e9s intensiva, continuada i ininterrompuda. Ignasi Salvad\u00f3, director de l\u2019oficina&nbsp;<a href=\"https:\/\/alliance4universities.eu\/en\/a4u-in-europe\/\" target=\"_blank\" rel=\"noreferrer noopener\">OPERA<\/a>&nbsp;de Brussel\u00b7les i representant de la Universitat a trav\u00e9s de l\u2019Alian\u00e7a 4 Universitats (4U), ha recollit el premi.<\/p>\n\n\n\n<p class=\"wp-block-paragraph\">Durant aquests vint anys, han participat en les diferents edicions del programa&nbsp;<a href=\"https:\/\/erasmus-plus.ec.europa.eu\/es\/opportunities\/opportunities-for-organisations\/cooperation-among-organisations-and-institutions\/erasmus-mundus-joint-masters?facets__field_eac_tags=186\" target=\"_blank\" rel=\"noreferrer noopener\">Erasmus Mundus<\/a>&nbsp;gaireb\u00e9 600 universitats, que han impulsat un total de 585 projectes de m\u00e0sters conjunts. La UAB ho ha fet de manera continuada des de l\u2019any 2004, quan es va aprovar la primera edici\u00f3 del programa, amb un total de 16 m\u00e0sters, molts dels quals renovats peri\u00f2dicament i encara vigents. Actualment, la Universitat ofereix 9 m\u00e0sters Erasmus Mundus, 2 dels quals coordina: GLOBED &#8211; Education Policies for Global Development i MorphoPHEN &#8211; Human Disease Models Morphological Phenotyping. GLOBED \u00e9s el primer m\u00e0ster Erasmus Mundus coordinat per una universitat espanyola que ha estat renovat per tercera vegada.<\/p>\n\n\n\n<p class=\"wp-block-paragraph\">La Confer\u00e8ncia del 20\u00e8 Aniversari del Programa ha comptat amb la participaci\u00f3 de representants de les institucions acad\u00e8miques europees, alumni i membres de la Comissi\u00f3 Europea de l\u2019\u00e0mbit de l\u2019educaci\u00f3. Ignasi Salvad\u00f3 hi ha participat tamb\u00e9 en representaci\u00f3 de la UAB en un dels debats, dedicat a identificar les claus que expliquen la capacitat d\u2019atracci\u00f3 de talent dels m\u00e0sters Erasmus Mundus i en qu\u00e8 s\u2019ha fet especial \u00e8mfasi en l\u2019alta ocupabilitat dels seus titulats i l\u2019experi\u00e8ncia exitosa de determinats m\u00e0sters per assegurar-se la continu\u00eftat en acabar el finan\u00e7ament del programa.<\/p>\n\n\n\n<p class=\"wp-block-paragraph\">Els m\u00e0sters conjunts Erasmus Mundus s\u00f3n prestigiosos m\u00e0sters internacionals, dissenyats i impartits conjuntament per un grup d&#8217;institucions d&#8217;ensenyament superior. El programa fomenta la integraci\u00f3 dins de l\u2019espai europeu d\u2019educaci\u00f3 superior i la captaci\u00f3 de talent de tot el m\u00f3n, amb beques tamb\u00e9 per a alumnat extracomunitari. En els m\u00e0sters hi participen com a m\u00ednim tres institucions de pa\u00efsos diferents i socis del m\u00f3n acad\u00e8mic i no acad\u00e8mic, i les estades en les universitats participants comprenen per\u00edodes d&#8217;estudi, recerca, pr\u00e0ctiques i preparaci\u00f3 i defensa del treball de final d\u2019estudis.<\/p>\n","protected":false},"excerpt":{"rendered":"<p>La UAB ha estat premiada per la Comissi\u00f3 Europea per la traject\u00f2ria i els resultats assolits al llarg dels vint anys d\u2019hist\u00f2ria del Programa Erasmus Mundus, acci\u00f3 competitiva europea per a m\u00e0sters internacionals conjunts d\u2019alt nivell. El premi li ha estat lliurat durant la Confer\u00e8ncia del 20\u00e8 Aniversari del programa, \u201cBeyond Borders and Boundaries: 20 [&hellip;]<\/p>\n","protected":false},"author":50,"featured_media":0,"comment_status":"closed","ping_status":"closed","sticky":false,"template":"","format":"standard","meta":{"footnotes":""},"categories":[81,137],"tags":[],"class_list":["post-22335","post","type-post","status-publish","format-standard","hentry","category-actualitat","category-reconeixements"],"_links":{"self":[{"href":"https:\/\/webs.uab.cat\/cdeanuncis\/wp-json\/wp\/v2\/posts\/22335","targetHints":{"allow":["GET"]}}],"collection":[{"href":"https:\/\/webs.uab.cat\/cdeanuncis\/wp-json\/wp\/v2\/posts"}],"about":[{"href":"https:\/\/webs.uab.cat\/cdeanuncis\/wp-json\/wp\/v2\/types\/post"}],"author":[{"embeddable":true,"href":"https:\/\/webs.uab.cat\/cdeanuncis\/wp-json\/wp\/v2\/users\/50"}],"replies":[{"embeddable":true,"href":"https:\/\/webs.uab.cat\/cdeanuncis\/wp-json\/wp\/v2\/comments?post=22335"}],"version-history":[{"count":1,"href":"https:\/\/webs.uab.cat\/cdeanuncis\/wp-json\/wp\/v2\/posts\/22335\/revisions"}],"predecessor-version":[{"id":22336,"href":"https:\/\/webs.uab.cat\/cdeanuncis\/wp-json\/wp\/v2\/posts\/22335\/revisions\/22336"}],"wp:attachment":[{"href":"https:\/\/webs.uab.cat\/cdeanuncis\/wp-json\/wp\/v2\/media?parent=22335"}],"wp:term":[{"taxonomy":"category","embeddable":true,"href":"https:\/\/webs.uab.cat\/cdeanuncis\/wp-json\/wp\/v2\/categories?post=22335"},{"taxonomy":"post_tag","embeddable":true,"href":"https:\/\/webs.uab.cat\/cdeanuncis\/wp-json\/wp\/v2\/tags?post=22335"}],"curies":[{"name":"wp","href":"https:\/\/api.w.org\/{rel}","templated":true}]}}