{"id":22395,"date":"2024-07-08T18:23:18","date_gmt":"2024-07-08T16:23:18","guid":{"rendered":"https:\/\/webs.uab.cat\/cdeanuncis\/?p=22395"},"modified":"2025-05-24T11:07:27","modified_gmt":"2025-05-24T09:07:27","slug":"40-anys-destudis-europeus-a-la-uab","status":"publish","type":"post","link":"https:\/\/webs.uab.cat\/cdeanuncis\/2024\/07\/08\/40-anys-destudis-europeus-a-la-uab\/","title":{"rendered":"40 anys d&#8217;Estudis Europeus a la UAB"},"content":{"rendered":"\n<p class=\"wp-block-paragraph\">El proper curs acad\u00e8mic 2024-2025 far\u00e0 40 anys que la UAB ofereix estudis europeus de postgrau i, tamb\u00e9, far\u00e0 40 anys de la creaci\u00f3 del Centre de Documentaci\u00f3 Europea.<\/p>\n\n\n\n<p class=\"wp-block-paragraph\">La primera edici\u00f3 va ser durant el curs 1984-1985 i, des de llavors, amb diferents denominacions, s&#8217;han ofert de forma ininterrompuda aquests estudis. La UAB ha estat probablement la universitat espanyola que de forma continuada fa m\u00e9s anys que ofereix aquests estudis d\u2019especialitzaci\u00f3. <\/p>\n\n\n\n<p class=\"wp-block-paragraph\">Sempre han estat estudis tranversals i multidisciplinaris, que han estat possibles gr\u00e0cies a la cooperaci\u00f3 entre professorat de les Facultats de Dret, Economia i Ci\u00e8ncia Pol\u00edtica. \u00c9s un motiu de celebraci\u00f3 i segurament d&#8217;aix\u00f2 en parlarem el proper curs.<\/p>\n\n\n\n<p class=\"wp-block-paragraph\">Al <a href=\"https:\/\/portalrecerca.uab.cat\/en\/organisations\/institut-destudis-europeus-iee\" data-type=\"link\" data-id=\"https:\/\/portalrecerca.uab.cat\/en\/organisations\/institut-destudis-europeus-iee\" target=\"_blank\" rel=\"noreferrer noopener\">web de l&#8217;Institut d&#8217;Estudis Europeus<\/a> trobareu m\u00e9s informaci\u00f3 sobre els estudis europeus a la UAB.<\/p>\n","protected":false},"excerpt":{"rendered":"<p>El proper curs acad\u00e8mic 2024-2025 far\u00e0 40 anys que la UAB ofereix estudis europeus de postgrau i, tamb\u00e9, far\u00e0 40 anys de la creaci\u00f3 del Centre de Documentaci\u00f3 Europea. La primera edici\u00f3 va ser durant el curs 1984-1985 i, des de llavors, amb diferents denominacions, s&#8217;han ofert de forma ininterrompuda aquests estudis. La UAB ha [&hellip;]<\/p>\n","protected":false},"author":50,"featured_media":0,"comment_status":"closed","ping_status":"closed","sticky":false,"template":"","format":"standard","meta":{"footnotes":""},"categories":[81],"tags":[59],"class_list":["post-22395","post","type-post","status-publish","format-standard","hentry","category-actualitat","tag-iee"],"_links":{"self":[{"href":"https:\/\/webs.uab.cat\/cdeanuncis\/wp-json\/wp\/v2\/posts\/22395","targetHints":{"allow":["GET"]}}],"collection":[{"href":"https:\/\/webs.uab.cat\/cdeanuncis\/wp-json\/wp\/v2\/posts"}],"about":[{"href":"https:\/\/webs.uab.cat\/cdeanuncis\/wp-json\/wp\/v2\/types\/post"}],"author":[{"embeddable":true,"href":"https:\/\/webs.uab.cat\/cdeanuncis\/wp-json\/wp\/v2\/users\/50"}],"replies":[{"embeddable":true,"href":"https:\/\/webs.uab.cat\/cdeanuncis\/wp-json\/wp\/v2\/comments?post=22395"}],"version-history":[{"count":5,"href":"https:\/\/webs.uab.cat\/cdeanuncis\/wp-json\/wp\/v2\/posts\/22395\/revisions"}],"predecessor-version":[{"id":22401,"href":"https:\/\/webs.uab.cat\/cdeanuncis\/wp-json\/wp\/v2\/posts\/22395\/revisions\/22401"}],"wp:attachment":[{"href":"https:\/\/webs.uab.cat\/cdeanuncis\/wp-json\/wp\/v2\/media?parent=22395"}],"wp:term":[{"taxonomy":"category","embeddable":true,"href":"https:\/\/webs.uab.cat\/cdeanuncis\/wp-json\/wp\/v2\/categories?post=22395"},{"taxonomy":"post_tag","embeddable":true,"href":"https:\/\/webs.uab.cat\/cdeanuncis\/wp-json\/wp\/v2\/tags?post=22395"}],"curies":[{"name":"wp","href":"https:\/\/api.w.org\/{rel}","templated":true}]}}