{"id":22503,"date":"2024-07-29T13:31:41","date_gmt":"2024-07-29T11:31:41","guid":{"rendered":"https:\/\/webs.uab.cat\/cdeanuncis\/?p=22503"},"modified":"2025-05-24T10:32:12","modified_gmt":"2025-05-24T08:32:12","slug":"curs-de-la-unio-europeaedicio-44","status":"publish","type":"post","link":"https:\/\/webs.uab.cat\/cdeanuncis\/2024\/07\/29\/curs-de-la-unio-europeaedicio-44\/","title":{"rendered":"Curs de la Uni\u00f3 Europea (Edici\u00f3 44)"},"content":{"rendered":"\n<p class=\"wp-block-paragraph\">El CEI International Affairs imparteix una nova edici\u00f3 del Curs sobre la Uni\u00f3 Europea. Ho fa en col\u00b7laboraci\u00f3 amb la Secretaria d&#8217;Estat per a la Uni\u00f3 Europea (Ministeri d&#8217;Afers Exteriors, Uni\u00f3 Europea i Cooperaci\u00f3) i amb el Departament d&#8217;Acci\u00f3 Exterior i Uni\u00f3 Europea de la Generalitat de Catalunya. El curs, proporciona una formaci\u00f3 s\u00f2lida i exhaustiva sobre la instituci\u00f3, est\u00e0 disponible en modalitat en l\u00ednia i offline i compta amb un programa i ponents de prestigi.<\/p>\n\n\n\n<p class=\"wp-block-paragraph\">M\u00e9s informaci\u00f3 al <a href=\"https:\/\/www.ceibcn.com\/cursos\/curso-union-europea\/\" data-type=\"link\" data-id=\"https:\/\/www.ceibcn.com\/cursos\/curso-union-europea\/\" target=\"_blank\" rel=\"noreferrer noopener\">web del CEI<\/a><\/p>\n\n\n\n<div data-wp-interactive=\"core\/file\" class=\"wp-block-file\"><object data-wp-bind--hidden=\"!state.hasPdfPreview\" hidden class=\"wp-block-file__embed\" data=\"https:\/\/webs.uab.cat\/cdeanuncis\/wp-content\/uploads\/sites\/80\/2024\/07\/AA-ProgramaCursoUE-2024.pdf\" type=\"application\/pdf\" style=\"width:100%;height:600px\" aria-label=\"Incrustaci\u00f3 del fitxer AA-ProgramaCursoUE-2024.\"><\/object><a id=\"wp-block-file--media-2e8ea527-6b07-400d-8ac4-27e942b65836\" href=\"https:\/\/webs.uab.cat\/cdeanuncis\/wp-content\/uploads\/sites\/80\/2024\/07\/AA-ProgramaCursoUE-2024.pdf\">AA-ProgramaCursoUE-2024<\/a><a href=\"https:\/\/webs.uab.cat\/cdeanuncis\/wp-content\/uploads\/sites\/80\/2024\/07\/AA-ProgramaCursoUE-2024.pdf\" class=\"wp-block-file__button wp-element-button\" download aria-describedby=\"wp-block-file--media-2e8ea527-6b07-400d-8ac4-27e942b65836\">Baixa<\/a><\/div>\n","protected":false},"excerpt":{"rendered":"<p>El CEI International Affairs imparteix una nova edici\u00f3 del Curs sobre la Uni\u00f3 Europea. Ho fa en col\u00b7laboraci\u00f3 amb la Secretaria d&#8217;Estat per a la Uni\u00f3 Europea (Ministeri d&#8217;Afers Exteriors, Uni\u00f3 Europea i Cooperaci\u00f3) i amb el Departament d&#8217;Acci\u00f3 Exterior i Uni\u00f3 Europea de la Generalitat de Catalunya. El curs, proporciona una formaci\u00f3 s\u00f2lida i [&hellip;]<\/p>\n","protected":false},"author":50,"featured_media":0,"comment_status":"closed","ping_status":"closed","sticky":false,"template":"","format":"standard","meta":{"footnotes":""},"categories":[9],"tags":[],"class_list":["post-22503","post","type-post","status-publish","format-standard","hentry","category-conferencies-cursos-tallers-seminaris"],"_links":{"self":[{"href":"https:\/\/webs.uab.cat\/cdeanuncis\/wp-json\/wp\/v2\/posts\/22503","targetHints":{"allow":["GET"]}}],"collection":[{"href":"https:\/\/webs.uab.cat\/cdeanuncis\/wp-json\/wp\/v2\/posts"}],"about":[{"href":"https:\/\/webs.uab.cat\/cdeanuncis\/wp-json\/wp\/v2\/types\/post"}],"author":[{"embeddable":true,"href":"https:\/\/webs.uab.cat\/cdeanuncis\/wp-json\/wp\/v2\/users\/50"}],"replies":[{"embeddable":true,"href":"https:\/\/webs.uab.cat\/cdeanuncis\/wp-json\/wp\/v2\/comments?post=22503"}],"version-history":[{"count":4,"href":"https:\/\/webs.uab.cat\/cdeanuncis\/wp-json\/wp\/v2\/posts\/22503\/revisions"}],"predecessor-version":[{"id":22510,"href":"https:\/\/webs.uab.cat\/cdeanuncis\/wp-json\/wp\/v2\/posts\/22503\/revisions\/22510"}],"wp:attachment":[{"href":"https:\/\/webs.uab.cat\/cdeanuncis\/wp-json\/wp\/v2\/media?parent=22503"}],"wp:term":[{"taxonomy":"category","embeddable":true,"href":"https:\/\/webs.uab.cat\/cdeanuncis\/wp-json\/wp\/v2\/categories?post=22503"},{"taxonomy":"post_tag","embeddable":true,"href":"https:\/\/webs.uab.cat\/cdeanuncis\/wp-json\/wp\/v2\/tags?post=22503"}],"curies":[{"name":"wp","href":"https:\/\/api.w.org\/{rel}","templated":true}]}}