{"id":23454,"date":"2025-03-04T12:49:19","date_gmt":"2025-03-04T10:49:19","guid":{"rendered":"https:\/\/webs.uab.cat\/cdeanuncis\/?p=23454"},"modified":"2025-05-24T11:25:28","modified_gmt":"2025-05-24T09:25:28","slug":"workshop-swobre-participacio-ciutadana-a-la-ue","status":"publish","type":"post","link":"https:\/\/webs.uab.cat\/cdeanuncis\/2025\/03\/04\/workshop-swobre-participacio-ciutadana-a-la-ue\/","title":{"rendered":"Workshop sobre participaci\u00f3 ciutadana al CDE"},"content":{"rendered":"\n<p class=\"wp-block-paragraph\"><strong>El proper 12 de mar\u00e7, d&#8217;11:15 a 12:45 h., organitzem una sessi\u00f3 de discussi\u00f3 sobre participaci\u00f3 ciutadana a la UE i el nou proc\u00e9s de consulta sobre el pressupost de la UE<\/strong><\/p>\n\n\n\n<p class=\"wp-block-paragraph\">Durant l&#8217;activitat, que anir\u00e0 a c\u00e0rrec de Carlos P\u00e9rez Padilla, funcionari de la Comissi\u00f3 Europea a Brussel\u00b7les, es presentaran diferents eines de participaci\u00f3 ciutadana als processos de formaci\u00f3 de pol\u00edtica de les UE. Es prestar\u00e0 una atenci\u00f3 especial als panells europeus de ciutadans i a la plataforma de participaci\u00f3 ciutadana. A continuaci\u00f3, es presentar\u00e0 el nou debat sobre el pressupost europeu i els participants hi discutiran per formular contribucions.<\/p>\n\n\n\n<p class=\"wp-block-paragraph\">Aquesta activitat, que es dur\u00e0 a terme al nostre Centre de Documentaci\u00f3 Europea, es far\u00e0 dins del marc de l&#8217;assignatura Sistema Jur\u00eddic de la UE, que imparteix la professora Susana Beltran al Grau de Relacions Internacionals.<\/p>\n","protected":false},"excerpt":{"rendered":"<p>El proper 12 de mar\u00e7, d&#8217;11:15 a 12:45 h., organitzem una sessi\u00f3 de discussi\u00f3 sobre participaci\u00f3 ciutadana a la UE i el nou proc\u00e9s de consulta sobre el pressupost de la UE Durant l&#8217;activitat, que anir\u00e0 a c\u00e0rrec de Carlos P\u00e9rez Padilla, funcionari de la Comissi\u00f3 Europea a Brussel\u00b7les, es presentaran diferents eines de participaci\u00f3 [&hellip;]<\/p>\n","protected":false},"author":50,"featured_media":23461,"comment_status":"closed","ping_status":"closed","sticky":false,"template":"","format":"standard","meta":{"footnotes":""},"categories":[9],"tags":[55],"class_list":["post-23454","post","type-post","status-publish","format-standard","has-post-thumbnail","hentry","category-conferencies-cursos-tallers-seminaris","tag-fac-cc-politiques"],"_links":{"self":[{"href":"https:\/\/webs.uab.cat\/cdeanuncis\/wp-json\/wp\/v2\/posts\/23454","targetHints":{"allow":["GET"]}}],"collection":[{"href":"https:\/\/webs.uab.cat\/cdeanuncis\/wp-json\/wp\/v2\/posts"}],"about":[{"href":"https:\/\/webs.uab.cat\/cdeanuncis\/wp-json\/wp\/v2\/types\/post"}],"author":[{"embeddable":true,"href":"https:\/\/webs.uab.cat\/cdeanuncis\/wp-json\/wp\/v2\/users\/50"}],"replies":[{"embeddable":true,"href":"https:\/\/webs.uab.cat\/cdeanuncis\/wp-json\/wp\/v2\/comments?post=23454"}],"version-history":[{"count":8,"href":"https:\/\/webs.uab.cat\/cdeanuncis\/wp-json\/wp\/v2\/posts\/23454\/revisions"}],"predecessor-version":[{"id":23479,"href":"https:\/\/webs.uab.cat\/cdeanuncis\/wp-json\/wp\/v2\/posts\/23454\/revisions\/23479"}],"wp:featuredmedia":[{"embeddable":true,"href":"https:\/\/webs.uab.cat\/cdeanuncis\/wp-json\/wp\/v2\/media\/23461"}],"wp:attachment":[{"href":"https:\/\/webs.uab.cat\/cdeanuncis\/wp-json\/wp\/v2\/media?parent=23454"}],"wp:term":[{"taxonomy":"category","embeddable":true,"href":"https:\/\/webs.uab.cat\/cdeanuncis\/wp-json\/wp\/v2\/categories?post=23454"},{"taxonomy":"post_tag","embeddable":true,"href":"https:\/\/webs.uab.cat\/cdeanuncis\/wp-json\/wp\/v2\/tags?post=23454"}],"curies":[{"name":"wp","href":"https:\/\/api.w.org\/{rel}","templated":true}]}}