{"id":23880,"date":"2025-07-08T09:27:04","date_gmt":"2025-07-08T07:27:04","guid":{"rendered":"https:\/\/webs.uab.cat\/cdeanuncis\/?p=23880"},"modified":"2025-07-08T09:32:38","modified_gmt":"2025-07-08T07:32:38","slug":"23880","status":"publish","type":"post","link":"https:\/\/webs.uab.cat\/cdeanuncis\/2025\/07\/08\/23880\/","title":{"rendered":"5a edici\u00f3 de la Trobada d&#8217;Europa en Blau"},"content":{"rendered":"\n<div class=\"wp-block-group\"><div class=\"wp-block-group__inner-container is-layout-constrained wp-block-group-is-layout-constrained\">\n<p class=\"has-normal-font-size\"><strong>El passat 5 de juliol vam tenir l\u2019oportunitat d\u2019assistir a la cinquena edici\u00f3 d\u2019Europa en Blau, celebrada a Calonge (Girona). Com ja \u00e9s habitual, va ser una excel\u00b7lent ocasi\u00f3 per escoltar pon\u00e8ncies sobre temes d\u2019actualitat europea i retrobar-nos amb companys i companyes europeistes d\u2019arreu de Catalunya.<\/strong><\/p>\n\n\n\n<p class=\"has-normal-font-size\"><strong>Tot seguit, compartim la nota de premsa publicada pel grup promotor d\u2019<em>Europa en Blau<\/em>, que recull els principals continguts de les confer\u00e8ncies.<\/strong><\/p>\n<\/div><\/div>\n\n\n\n<p><strong>EUROPA EN BLAU 2025&nbsp;<\/strong><\/p>\n\n\n\n<p>La cinquena edici\u00f3 d\u2019Europa en Blau ha reunit aquest dissabte a Calonge (Baix Empord\u00e0) veus destacades del m\u00f3n acad\u00e8mic, institucional i civil per analitzar un escenari geopol\u00edtic cada cop m\u00e9s inestable.&nbsp;<\/p>\n\n\n\n<p>Les jornades han posat sobre la taula l\u2019augment preocupant del suport a l\u2019extrema dreta entre els joves, la crisi del multilateralisme, la fragilitat de l\u2019ordre internacional i els reptes d\u2019una Uni\u00f3 Europea tensionada per dins i per fora.<\/p>\n\n\n\n<p>En un moment en qu\u00e8 \u201cels reptes s\u2019accentuen, les urg\u00e8ncies es multipliquen i les aliances s\u2019han de tornar a forjar\u201d, segons ha manifestat l\u2019organitzaci\u00f3, Europa en Blau s\u2019ha consolidat com una cita ineludible per al pensament europeista a Catalunya.<\/p>\n\n\n\n<p>\u201c\u00c9s una trobada obligada per a tots aquells que ens preocupem pel futur d\u2019Europa\u201d, ha remarcat Jaume Duch, conseller d\u2019Uni\u00f3 Europea i Acci\u00f3 Exterior. \u201cCalen espais com aquest per reflexionar, criticar quan calgui, i construir conjuntament una visi\u00f3 estrat\u00e8gica comuna\u201d, ha afegit.<\/p>\n\n\n\n<p>L\u2019alcalde de Calonge i Sant Antoni, Jordi Soler, ha destacat la import\u00e0ncia d\u2019acollir una trobada que \u201cobre un debat molt necessari sobre q\u00fcestions que ens afecten profundament, com la immigraci\u00f3 o el rumb dels Estats Units\u201d.<\/p>\n\n\n\n<p>El representant de la Comissi\u00f3 Europea a Barcelona, Manuel Szapiro, ha plantejat una reflexi\u00f3 contundent: \u201cEl projecte europeu est\u00e0 en perill, per\u00f2 aquests reptes tamb\u00e9 ens uneixen&#8221;, ha dit, defensant espais com Europa en Blau com a &#8220;m\u00e9s necessaris que mai&#8221;.&nbsp;<\/p>\n\n\n\n<p>La directora del centre Europe Direct Girona (UdG), Mariona Illamola, s&#8217;ha preguntat en la taula inaugural &#8220;qui \u00e9s la Uni\u00f3 Europea&#8221; avui en dia i ha reivindicat el poder de la ciutadania per canviar les coses.&nbsp;<\/p>\n\n\n\n<p>Per la seva banda, M\u00edriam Lanero, diputada de programes europeus de la Diputaci\u00f3 de Girona i alcaldessa de la Jonquera, ha destacat els reptes i les urg\u00e8ncies de la UE en un moment &#8220;especialment vol\u00e0til&#8221;. &#8220;Cal visi\u00f3 estrat\u00e8gica compartida i una ciutadania compromesa amb el projecte europeu&#8221;, ha apuntat.&nbsp;<\/p>\n\n\n\n<p><strong>Els joves i l\u2019extrema dreta: un crit d\u2019alerta<\/strong><\/p>\n\n\n\n<p>La confer\u00e8ncia inaugural, a c\u00e0rrec del polit\u00f2leg Oriol Bartomeus, ha posat xifres i context a una realitat inquietant: \u201cMai des del 1989 un grup d\u2019edat havia estat tan alineat amb l&#8217;extrema dreta com els homes menors de 25 anys el darrer any\u201d. Bartomeus ha alertat que aquesta tend\u00e8ncia no \u00e9s passatgera ni anecd\u00f2tica: \u201cS\u00f3n d\u2019extrema dreta perqu\u00e8 no poden ser d\u2019una altra cosa: s\u00f3n joves que se senten abandonats, cercant un aixopluc que troben en l&#8217;extrema dreta.\u201d<\/p>\n\n\n\n<p>Bartomeus ha denunciat que els joves consumeixen de manera constant discursos d\u2019odi i ultradreta a les xarxes, mentre la pol\u00edtica democr\u00e0tica \u201cha fallat a l\u2019hora d\u2019escoltar i entendre les seves pors\u201d. Tot i aix\u00ed, ha tancat amb un missatge d\u2019esperan\u00e7a: \u201cEls joves no estan condemnats a votar l\u2019extrema dreta. El repte \u00e9s parlar-los on ells escolten, a les xarxes, i oferir-los alternatives reals\u201d.<\/p>\n\n\n\n<p><strong>Trump, autocr\u00e0cies i una UE a contracorrent<\/strong><\/p>\n\n\n\n<p>Un altre dels punts del congr\u00e9s ha estat el debat sobre el paper dels Estats Units en l\u2019ordre internacional, especialment amb Donald Trump novament al centre de l\u2019escenari.<\/p>\n\n\n\n<p>Anna Terr\u00f3n (InStrategies) ha remarcat l\u2019impacte del trumpisme en la pol\u00edtica global, que ha generat un \u201cenduriment brutal de formes i fons\u201d. V\u00edctor Horcasitas, president de l\u2019American Society of Barcelona, ha apostat per un gir estrat\u00e8gic: \u201cEuropa ha de posar-se en primer lloc. T\u00e9 for\u00e7a, per\u00f2 sovint la cedeix.\u201d<\/p>\n\n\n\n<p>Per la seva banda, la diputada Anna Navarro ha instat la Uni\u00f3 Europea a actuar amb m\u00e9s rapidesa i contund\u00e8ncia: \u201cSom massa lents a Brussel\u00b7les. Hem de ser m\u00e9s forts, m\u00e9s r\u00e0pids i m\u00e9s units\u201d.<\/p>\n\n\n\n<p><strong>Immigraci\u00f3, valors i fractures socials<\/strong><\/p>\n\n\n\n<p>L\u2019\u00faltima taula rodona ha abordat el debat sobre immigraci\u00f3 i identitat. La professora de dret internacional p\u00fablic de la UdG i resident al King&#8217;s College de Londres, Mirentxu Jordana, ha criticat el frac\u00e0s de les pol\u00edtiques migrat\u00f2ries de la UE i les contradiccions d&#8217;uns estats membres que sovint creen &#8220;crisis&#8221; on no n&#8217;hi ha.<\/p>\n\n\n\n<p>L\u2019exconseller Carles Campuzano ha destacat que \u201cCatalunya necessita immigraci\u00f3&#8221; per raons demogr\u00e0fiques i laborals, i ha reivindicat els valors compartits com a base per a la integraci\u00f3.<\/p>\n\n\n\n<p>Per la seva part, l\u2019escriptora i activista Remei Sipi ha exposat amb claredat les dificultats que pateixen especialment les dones migrants, i ha reivindicat una mirada m\u00e9s humana i estructural a les pol\u00edtiques d\u2019acollida.<\/p>\n\n\n\n<p><strong>Periodisme i europeisme: el guard\u00f3 a l\u2019APEC<\/strong><\/p>\n\n\n\n<p>En el marc de la jornada, s\u2019ha lliurat el I Premi Francesc Gamb\u00fas a la Traject\u00f2ria Europeista, que ha rebut l\u2019Associaci\u00f3 de Periodistes Europeus de Catalunya (APEC).<\/p>\n\n\n\n<p>El seu president, Marc Vidal, ha defensat el paper essencial del periodisme cr\u00edtic en temps d\u2019incertesa: \u201cCal informar amb rigor per enfortir la democr\u00e0cia i el projecte europeu\u201d.<\/p>\n\n\n\n<p><strong>Calonge, epicentre del debat europeu<\/strong><\/p>\n\n\n\n<p>Amb cinc edicions a les espatlles, Europa en Blau s\u2019ha consolidat com l\u2019epicentre del debat europeista a la Costa Brava, convertint-se cada estiu en punt de trobada de refer\u00e8ncia per a pol\u00edtics, acad\u00e8mics, periodistes i ciutadania compromesa amb el futur del projecte europeu.&nbsp;<\/p>\n\n\n\n<p>Les jornades s\u2019han guanyat un espai propi en l\u2019agenda pol\u00edtica i intel\u00b7lectual del pa\u00eds, no nom\u00e9s per l\u2019alt nivell dels seus ponents, sin\u00f3 per la seva capacitat de posar sobre la taula els grans reptes globals amb mirada cr\u00edtica, oberta i plural.&nbsp;<\/p>\n\n\n\n<p>En un moment de transformaci\u00f3 profunda del sistema internacional, el municipi ha esdevingut un laboratori d\u2019idees i reflexi\u00f3 compartida, on el debat sobre Europa s\u2019aborda des del territori, amb vocaci\u00f3 de construir solucions col\u00b7lectives.<\/p>\n\n\n\n<p>Contacte de premsa i comunicaci\u00f3: Joaquim Millan (tfno. 607230597)<\/p>\n\n\n\n<p>Fotografies a <a href=\"https:\/\/www.flickr.com\/photos\/uabcde\/albums\/72177720327389620\" data-type=\"link\" data-id=\"https:\/\/www.flickr.com\/photos\/uabcde\/albums\/72177720327389620\" target=\"_blank\" rel=\"noreferrer noopener\">Flickr<\/a>.<\/p>\n","protected":false},"excerpt":{"rendered":"<p>El passat 5 de juliol vam tenir l\u2019oportunitat d\u2019assistir a la cinquena edici\u00f3 d\u2019Europa en Blau, celebrada a Calonge (Girona). Com ja \u00e9s habitual, va ser una excel\u00b7lent ocasi\u00f3 per escoltar pon\u00e8ncies sobre temes d\u2019actualitat europea i retrobar-nos amb companys i companyes europeistes d\u2019arreu de Catalunya. Tot seguit, compartim la nota de premsa publicada pel [&hellip;]<\/p>\n","protected":false},"author":50,"featured_media":23883,"comment_status":"closed","ping_status":"closed","sticky":false,"template":"","format":"standard","meta":{"footnotes":""},"categories":[81],"tags":[117],"class_list":["post-23880","post","type-post","status-publish","format-standard","has-post-thumbnail","hentry","category-actualitat","tag-europa-en-blau"],"_links":{"self":[{"href":"https:\/\/webs.uab.cat\/cdeanuncis\/wp-json\/wp\/v2\/posts\/23880","targetHints":{"allow":["GET"]}}],"collection":[{"href":"https:\/\/webs.uab.cat\/cdeanuncis\/wp-json\/wp\/v2\/posts"}],"about":[{"href":"https:\/\/webs.uab.cat\/cdeanuncis\/wp-json\/wp\/v2\/types\/post"}],"author":[{"embeddable":true,"href":"https:\/\/webs.uab.cat\/cdeanuncis\/wp-json\/wp\/v2\/users\/50"}],"replies":[{"embeddable":true,"href":"https:\/\/webs.uab.cat\/cdeanuncis\/wp-json\/wp\/v2\/comments?post=23880"}],"version-history":[{"count":6,"href":"https:\/\/webs.uab.cat\/cdeanuncis\/wp-json\/wp\/v2\/posts\/23880\/revisions"}],"predecessor-version":[{"id":23888,"href":"https:\/\/webs.uab.cat\/cdeanuncis\/wp-json\/wp\/v2\/posts\/23880\/revisions\/23888"}],"wp:featuredmedia":[{"embeddable":true,"href":"https:\/\/webs.uab.cat\/cdeanuncis\/wp-json\/wp\/v2\/media\/23883"}],"wp:attachment":[{"href":"https:\/\/webs.uab.cat\/cdeanuncis\/wp-json\/wp\/v2\/media?parent=23880"}],"wp:term":[{"taxonomy":"category","embeddable":true,"href":"https:\/\/webs.uab.cat\/cdeanuncis\/wp-json\/wp\/v2\/categories?post=23880"},{"taxonomy":"post_tag","embeddable":true,"href":"https:\/\/webs.uab.cat\/cdeanuncis\/wp-json\/wp\/v2\/tags?post=23880"}],"curies":[{"name":"wp","href":"https:\/\/api.w.org\/{rel}","templated":true}]}}