{"id":24534,"date":"2026-02-18T18:12:32","date_gmt":"2026-02-18T16:12:32","guid":{"rendered":"https:\/\/webs.uab.cat\/cdeanuncis\/?p=24534"},"modified":"2026-04-16T10:02:49","modified_gmt":"2026-04-16T08:02:49","slug":"la-uab-celebra-el-dia-deuropa-amb-una-jornada-participativa-per-a-alumnat-de-secundaria","status":"publish","type":"post","link":"https:\/\/webs.uab.cat\/cdeanuncis\/2026\/02\/18\/la-uab-celebra-el-dia-deuropa-amb-una-jornada-participativa-per-a-alumnat-de-secundaria\/","title":{"rendered":"La UAB celebra el Dia d\u2019Europa amb una jornada participativa per a alumnat de secund\u00e0ria"},"content":{"rendered":"\n<p>El pr\u00f2xim <strong>11 de maig de 2026<\/strong>, el campus de la Universitat Aut\u00f2noma de Barcelona (UAB) a Bellaterra acollir\u00e0 una nova edici\u00f3 del <strong>Dia d\u2019Europa<\/strong>, una activitat educativa pensada per apropar la Uni\u00f3 Europea als estudiants d\u2019una manera din\u00e0mica i participativa.<\/p>\n\n\n\n<p>La iniciativa, organitzada conjuntament pel <strong>Centre de Documentaci\u00f3 Europea (CDE)<\/strong> i l\u2019<strong>Institut de Ci\u00e8ncies de l\u2019Educaci\u00f3 (ICE)<\/strong> dins el programa educatiu Arg\u00f3, est\u00e0 adre\u00e7ada a alumnes de <strong>3r d\u2019ESO<\/strong> i t\u00e9 com a objectiu principal explicar qu\u00e8 \u00e9s la Uni\u00f3 Europea, quines funcions t\u00e9 i per qu\u00e8 \u00e9s important en la vida quotidiana dels ciutadans.<\/p>\n\n\n\n<h2 class=\"wp-block-heading\">Aprendre Europa d\u2019una manera diferent<\/h2>\n\n\n\n<p>La jornada es desenvolupar\u00e0 entre les <strong>10.00 h i les 13.30 h<\/strong> i combinar\u00e0 teoria i pr\u00e0ctica perqu\u00e8 l\u2019alumnat aprengui mentre participa activament.<\/p>\n\n\n\n<p>El programa comen\u00e7ar\u00e0 amb una xerrada introduct\u00f2ria a c\u00e0rrec del professor <strong>Carles G\u00f3rriz L\u00f3pez<\/strong>, del Departament de Dret Privat de la UAB, que presentar\u00e0 els conceptes b\u00e0sics sobre la UE: origen, funcions i principals actuacions.<\/p>\n\n\n\n<p>Despr\u00e9s d\u2019una pausa per esmorzar, els estudiants participaran en una gimcana per equips amb proves relacionades amb Europa. L\u2019activitat inclour\u00e0 reptes, preguntes i din\u00e0miques col\u00b7laboratives, amb obsequis per a tots els participants i un reconeixement especial per a l\u2019equip guanyador.<\/p>\n\n\n\n<h2 class=\"wp-block-heading\">Una experi\u00e8ncia universit\u00e0ria primerenca<\/h2>\n\n\n\n<p>M\u00e9s enll\u00e0 del contingut acad\u00e8mic, la proposta permet als estudiants viure una experi\u00e8ncia dins d\u2019un campus universitari real. Aquest tipus d\u2019activitats ajuda a despertar vocacions i a fer m\u00e9s proper el m\u00f3n universitari als joves.<\/p>\n\n\n\n<p><a href=\"https:\/\/www.uab.cat\/ca\/ice\/dia-europa-uab\" data-type=\"link\" data-id=\"https:\/\/www.uab.cat\/ca\/ice\/dia-europa-uab\" target=\"_blank\" rel=\"noreferrer noopener\">La participaci\u00f3 \u00e9s gratu\u00efta i amb places limitades<\/a>, fet que converteix la jornada en una oportunitat exclusiva per con\u00e8ixer Europa d\u2019una manera diferent: interactiva, pr\u00e0ctica i en equip.<\/p>\n\n\n\n<h2 class=\"wp-block-heading\">Educaci\u00f3 europea per formar ciutadania cr\u00edtica<\/h2>\n\n\n\n<p>El Dia d\u2019Europa no nom\u00e9s pret\u00e9n transmetre coneixements institucionals, sin\u00f3 tamb\u00e9 fomentar el pensament cr\u00edtic i la consci\u00e8ncia ciutadana. Entendre qu\u00e8 fa la Uni\u00f3 Europea, com influeix en el dia a dia i quins valors defensa \u00e9s clau per formar ciutadans actius i informats en el context actual.<\/p>\n\n\n\n<p>Amb iniciatives com aquesta, la universitat refor\u00e7a el seu paper com a pont entre educaci\u00f3 secund\u00e0ria i superior i com a espai de divulgaci\u00f3 del projecte europeu.<\/p>\n","protected":false},"excerpt":{"rendered":"<p>El pr\u00f2xim 11 de maig de 2026, el campus de la Universitat Aut\u00f2noma de Barcelona (UAB) a Bellaterra acollir\u00e0 una nova edici\u00f3 del Dia d\u2019Europa, una activitat educativa pensada per apropar la Uni\u00f3 Europea als estudiants d\u2019una manera din\u00e0mica i participativa. La iniciativa, organitzada conjuntament pel Centre de Documentaci\u00f3 Europea (CDE) i l\u2019Institut de Ci\u00e8ncies [&hellip;]<\/p>\n","protected":false},"author":50,"featured_media":0,"comment_status":"closed","ping_status":"closed","sticky":false,"template":"","format":"standard","meta":{"footnotes":""},"categories":[9,11],"tags":[57],"class_list":["post-24534","post","type-post","status-publish","format-standard","hentry","category-conferencies-cursos-tallers-seminaris","category-dia-deuropa","tag-ice"],"_links":{"self":[{"href":"https:\/\/webs.uab.cat\/cdeanuncis\/wp-json\/wp\/v2\/posts\/24534","targetHints":{"allow":["GET"]}}],"collection":[{"href":"https:\/\/webs.uab.cat\/cdeanuncis\/wp-json\/wp\/v2\/posts"}],"about":[{"href":"https:\/\/webs.uab.cat\/cdeanuncis\/wp-json\/wp\/v2\/types\/post"}],"author":[{"embeddable":true,"href":"https:\/\/webs.uab.cat\/cdeanuncis\/wp-json\/wp\/v2\/users\/50"}],"replies":[{"embeddable":true,"href":"https:\/\/webs.uab.cat\/cdeanuncis\/wp-json\/wp\/v2\/comments?post=24534"}],"version-history":[{"count":1,"href":"https:\/\/webs.uab.cat\/cdeanuncis\/wp-json\/wp\/v2\/posts\/24534\/revisions"}],"predecessor-version":[{"id":24535,"href":"https:\/\/webs.uab.cat\/cdeanuncis\/wp-json\/wp\/v2\/posts\/24534\/revisions\/24535"}],"wp:attachment":[{"href":"https:\/\/webs.uab.cat\/cdeanuncis\/wp-json\/wp\/v2\/media?parent=24534"}],"wp:term":[{"taxonomy":"category","embeddable":true,"href":"https:\/\/webs.uab.cat\/cdeanuncis\/wp-json\/wp\/v2\/categories?post=24534"},{"taxonomy":"post_tag","embeddable":true,"href":"https:\/\/webs.uab.cat\/cdeanuncis\/wp-json\/wp\/v2\/tags?post=24534"}],"curies":[{"name":"wp","href":"https:\/\/api.w.org\/{rel}","templated":true}]}}