{"id":5586,"date":"2015-11-16T16:03:58","date_gmt":"2015-11-16T15:03:58","guid":{"rendered":"http:\/\/blogs.uab.cat\/cdeanuncis\/?p=5586"},"modified":"2025-05-24T10:50:25","modified_gmt":"2025-05-24T08:50:25","slug":"parlem-de-la-pesd","status":"publish","type":"post","link":"https:\/\/webs.uab.cat\/cdeanuncis\/2015\/11\/16\/parlem-de-la-pesd\/","title":{"rendered":"Parlem de la PESD (23 de novembre)"},"content":{"rendered":"<p style=\"text-align: justify\">Us proposem trobar-nos novament un migdia al CDE per parlar sobre Europa i en angl\u00e8s. Ser\u00e0 el proper <strong>dilluns 23 de novembre, de 14:15 a 15:15 h.<\/strong><\/p>\n<p style=\"text-align: justify\">Aquest cop hem pensat que la conversa giri al voltant de la <strong>Pol\u00edtica de Seguretat i Defensa de la UE<\/strong> ja que, a banda de ser un tema de lamentable actualitat, va ser un dels temes que van despertar m\u00e9s inter\u00e8s en la 1a Tert\u00falia.<\/p>\n<p style=\"text-align: justify\">Francesco Camonita ser\u00e0 qui conduir\u00e0 la tert\u00falia. Ell ens far\u00e0 una breu introducci\u00f3 a la mat\u00e8ria i proposar\u00e0 algunes preguntes per iniciar el debat.<\/p>\n<p style=\"text-align: justify\">Hem creat un <a href=\"https:\/\/www.facebook.com\/events\/997743806950316\/\">esdeveniment facebook<\/a> on podeu comunicar la vostra assist\u00e8ncia i on tamb\u00e9 hi trobareu enlla\u00e7os relacionats amb la mat\u00e8ria.<\/p>\n<p style=\"text-align: justify\">No \u00e9s necess\u00e0ria inscripci\u00f3, ni hi ha l\u00edmit de places, per\u00f2 si ens voleu comunicar la vostra intenci\u00f3 de venir per <a href=\"http:\/\/www.uab.cat\/biblioteques\/cde\/\" target=\"_blank\" rel=\"noopener noreferrer\">email<\/a> o via <a href=\"https:\/\/www.facebook.com\/events\/997743806950316\/\">facebook<\/a> ens agradar\u00e0 saber-ho.<\/p>\n<p style=\"text-align: justify\">A partir d&#8217;ara i fins al moment de la tert\u00falia anirem afegint enlla\u00e7os d&#8217;inter\u00e8s que puguin aportar temes per al debat.<\/p>\n<p style=\"text-align: justify\">Us animem a participar!<\/p>\n","protected":false},"excerpt":{"rendered":"<p>Us proposem trobar-nos novament un migdia al CDE per parlar sobre Europa i en angl\u00e8s. Ser\u00e0 el proper dilluns 23 de novembre, de 14:15 a 15:15 h. Aquest cop hem pensat que la conversa giri al voltant de la Pol\u00edtica de Seguretat i Defensa de la UE ja que, a banda de ser un tema [&hellip;]<\/p>\n","protected":false},"author":50,"featured_media":0,"comment_status":"closed","ping_status":"closed","sticky":false,"template":"","format":"standard","meta":{"footnotes":""},"categories":[9],"tags":[109],"class_list":["post-5586","post","type-post","status-publish","format-standard","hentry","category-conferencies-cursos-tallers-seminaris","tag-cde"],"_links":{"self":[{"href":"https:\/\/webs.uab.cat\/cdeanuncis\/wp-json\/wp\/v2\/posts\/5586","targetHints":{"allow":["GET"]}}],"collection":[{"href":"https:\/\/webs.uab.cat\/cdeanuncis\/wp-json\/wp\/v2\/posts"}],"about":[{"href":"https:\/\/webs.uab.cat\/cdeanuncis\/wp-json\/wp\/v2\/types\/post"}],"author":[{"embeddable":true,"href":"https:\/\/webs.uab.cat\/cdeanuncis\/wp-json\/wp\/v2\/users\/50"}],"replies":[{"embeddable":true,"href":"https:\/\/webs.uab.cat\/cdeanuncis\/wp-json\/wp\/v2\/comments?post=5586"}],"version-history":[{"count":1,"href":"https:\/\/webs.uab.cat\/cdeanuncis\/wp-json\/wp\/v2\/posts\/5586\/revisions"}],"predecessor-version":[{"id":23082,"href":"https:\/\/webs.uab.cat\/cdeanuncis\/wp-json\/wp\/v2\/posts\/5586\/revisions\/23082"}],"wp:attachment":[{"href":"https:\/\/webs.uab.cat\/cdeanuncis\/wp-json\/wp\/v2\/media?parent=5586"}],"wp:term":[{"taxonomy":"category","embeddable":true,"href":"https:\/\/webs.uab.cat\/cdeanuncis\/wp-json\/wp\/v2\/categories?post=5586"},{"taxonomy":"post_tag","embeddable":true,"href":"https:\/\/webs.uab.cat\/cdeanuncis\/wp-json\/wp\/v2\/tags?post=5586"}],"curies":[{"name":"wp","href":"https:\/\/api.w.org\/{rel}","templated":true}]}}