{"id":7300,"date":"2016-11-23T13:38:02","date_gmt":"2016-11-23T11:38:02","guid":{"rendered":"http:\/\/blogs.uab.cat\/cdeanuncis\/?p=7300"},"modified":"2025-05-24T11:20:34","modified_gmt":"2025-05-24T09:20:34","slug":"eu-workshop-al-cde","status":"publish","type":"post","link":"https:\/\/webs.uab.cat\/cdeanuncis\/2016\/11\/23\/eu-workshop-al-cde\/","title":{"rendered":"EU Workshop al CDE"},"content":{"rendered":"<p style=\"text-align: justify\"><a href=\"http:\/\/blogs.uab.cat\/cdeanuncis\/2016\/11\/23\/eu-workshop-al-cde\/befunky-collage-2\/\" rel=\"attachment wp-att-7314\"><img loading=\"lazy\" decoding=\"async\" class=\"alignleft wp-image-7314\" src=\"http:\/\/blogs.uab.cat\/cdeanuncis\/files\/2016\/11\/BeFunky-Collage.jpg\" alt=\"BeFunky Collage\" width=\"326\" height=\"326\"><\/a>El Centre de Documentaci\u00f3 Europea ha desenvolupat un projecte per donar suport al <a href=\"http:\/\/www.uab.cat\/web\/informacio-academica-dels-masters-oficials\/l-oferta-de-masters-oficials\/informacio-general\/integracio-europea-1096480139517.html?param1=1096482864949\">M\u00e1ster Oficial d\u2019Integraci\u00f3 Europea<\/a>. Es tracta d\u2019un taller pr\u00e0ctic en el qual cada setmana \u2013 concretament els dimarts i dijous de 10:00h a 14:00h \u2013 s\u2019explora un tema diferent sobre el proc\u00e9s d&#8217;integraci\u00f3 europea.<\/p>\n<p style=\"text-align: justify\">El <a href=\"https:\/\/cv.uab.cat\/portada\/ca\/index.html\">Campus Virtual de la UAB<\/a> ha sigut l\u2019eina emprada per al disseny dels 7 m\u00f2duls que els alumnes hauran de realitzar durant els mesos de novembre i desembre. Cada m\u00f2dul \u00e9s una combinaci\u00f3 de lectures, v\u00eddeos i q\u00fcestionaris, agrupats en subtemes.<\/p>\n<p style=\"text-align: justify\">En aquest escenari, la pres\u00e8ncia de dos estudiants en pr\u00e0ctiques, Susana Garc\u00eda Cornejo Lozano i Alan Rub\u00ed Prat, &nbsp;ha sigut fonamental, ja que ells s\u00f3n els encarregats d\u2019assistir als estudiants durant el taller.<\/p>\n<p style=\"text-align: justify\">La intenci\u00f3 es va manifestar amb car\u00e0cter experimental i es va planificar en benefici dels estudiants extracomunitaris del mencionat M\u00e0ster. No obstant aix\u00f2, despr\u00e9s de les primeres sessions extraiem conclusions molt positives que poden guiar-nos a materialitzar noves aspiracions educatives i obrir les portes d\u2019aquest projecte a d&#8217;altres tipologies d&#8217;usuaris.<\/p>\n<p style=\"text-align: justify\">Destaquem que aquesta activitat, nascuda amb prop\u00f2sit formatiu, est\u00e0 aportant beneficis addicionals als integrants del taller i als seus tutors, ja que s&#8217;ha&nbsp;transformat en un intercanvi cultural i en una lli\u00e7\u00f3 de conviv\u00e8ncia social repleta de dinamisme. En altres paraules, constatem que l\u2019ensenyament que est\u00e0 aportant aquest esdeveniment ens fa cr\u00e9ixer a tots en \u00e0mbits educatius, per\u00f2 tamb\u00e9 a nivell personal i en una esfera de consci\u00e8ncia per entendre els assumptes relatius a les relacions internacionals.<\/p>\n<p style=\"text-align: justify\">En resum, estem molt satisfets dels resultats obtinguts amb aquest projecte i animem a participar a tots aquelles persones que s\u2019hi vulguin incorporar amb la intenci\u00f3 d\u2019aprendre la conformaci\u00f3 de la Uni\u00f3 a trav\u00e9s d\u2019un mitj\u00e0 emprenedor i alternatiu.<\/p>\n<p style=\"text-align: right\"><strong>Alan Rub\u00ed Prat<\/strong><br \/>\n(Programa de Pr\u00e0ctiques de la Facultat de Dret- UAB<\/p>\n<p style=\"text-align: right\"><strong>Susana Garc\u00eda Cornejo<\/strong><br \/>\n(Programa de Capacitaci\u00f3n en M\u00e9todos de Investigaci\u00f3n, Facultad de Ciencias Pol\u00edticas y Sociales, Universidad Aut\u00f3noma de M\u00e9xico)<\/p>\n","protected":false},"excerpt":{"rendered":"<p>El Centre de Documentaci\u00f3 Europea ha desenvolupat un projecte per donar suport al M\u00e1ster Oficial d\u2019Integraci\u00f3 Europea. Es tracta d\u2019un taller pr\u00e0ctic en el qual cada setmana \u2013 concretament els dimarts i dijous de 10:00h a 14:00h \u2013 s\u2019explora un tema diferent sobre el proc\u00e9s d&#8217;integraci\u00f3 europea. El Campus Virtual de la UAB ha sigut [&hellip;]<\/p>\n","protected":false},"author":50,"featured_media":0,"comment_status":"closed","ping_status":"closed","sticky":false,"template":"","format":"standard","meta":{"footnotes":""},"categories":[9],"tags":[109],"class_list":["post-7300","post","type-post","status-publish","format-standard","hentry","category-conferencies-cursos-tallers-seminaris","tag-cde"],"_links":{"self":[{"href":"https:\/\/webs.uab.cat\/cdeanuncis\/wp-json\/wp\/v2\/posts\/7300","targetHints":{"allow":["GET"]}}],"collection":[{"href":"https:\/\/webs.uab.cat\/cdeanuncis\/wp-json\/wp\/v2\/posts"}],"about":[{"href":"https:\/\/webs.uab.cat\/cdeanuncis\/wp-json\/wp\/v2\/types\/post"}],"author":[{"embeddable":true,"href":"https:\/\/webs.uab.cat\/cdeanuncis\/wp-json\/wp\/v2\/users\/50"}],"replies":[{"embeddable":true,"href":"https:\/\/webs.uab.cat\/cdeanuncis\/wp-json\/wp\/v2\/comments?post=7300"}],"version-history":[{"count":1,"href":"https:\/\/webs.uab.cat\/cdeanuncis\/wp-json\/wp\/v2\/posts\/7300\/revisions"}],"predecessor-version":[{"id":21120,"href":"https:\/\/webs.uab.cat\/cdeanuncis\/wp-json\/wp\/v2\/posts\/7300\/revisions\/21120"}],"wp:attachment":[{"href":"https:\/\/webs.uab.cat\/cdeanuncis\/wp-json\/wp\/v2\/media?parent=7300"}],"wp:term":[{"taxonomy":"category","embeddable":true,"href":"https:\/\/webs.uab.cat\/cdeanuncis\/wp-json\/wp\/v2\/categories?post=7300"},{"taxonomy":"post_tag","embeddable":true,"href":"https:\/\/webs.uab.cat\/cdeanuncis\/wp-json\/wp\/v2\/tags?post=7300"}],"curies":[{"name":"wp","href":"https:\/\/api.w.org\/{rel}","templated":true}]}}