{"id":7528,"date":"2017-01-10T12:29:38","date_gmt":"2017-01-10T11:29:38","guid":{"rendered":"http:\/\/blogs.uab.cat\/cdeanuncis\/?p=7528"},"modified":"2025-05-24T10:46:16","modified_gmt":"2025-05-24T08:46:16","slug":"propera-tertulia-ttip-the-good-the-bad-and-the-ugly","status":"publish","type":"post","link":"https:\/\/webs.uab.cat\/cdeanuncis\/2017\/01\/10\/propera-tertulia-ttip-the-good-the-bad-and-the-ugly\/","title":{"rendered":"Propera tert\u00falia: \u00abTTIP: the Good, the Bad and the Ugly\u00bb"},"content":{"rendered":"<p style=\"text-align: justify\"><strong>Us<img loading=\"lazy\" decoding=\"async\" class=\"alignleft\" src=\"http:\/\/agendapublica.es\/wp-content\/uploads\/2015\/11\/TTIP.jpg\" alt=\"\" width=\"254\" height=\"148\" \/> convoquem a una nova tert\u00falia en angl\u00e8s per parlar de l&#8217;<a href=\"http:\/\/ec.europa.eu\/trade\/policy\/in-focus\/ttip\/index_es.htm\">Acord Transatl\u00e0ntic sobre Comer\u00e7 i Inversi\u00f3 (TTIP)<\/a>.<\/strong><\/p>\n<p style=\"text-align: justify\">Aquest acord de lliure comer\u00e7, que est\u00e0 negociant la UE amb els Estats Units, ha sigut objecte de moltes controv\u00e8rsies. D&#8217;una banda els \u00a0defensors diuen que l&#8217;acord donaria lloc a un creixement econ\u00f2mic multilateral, mentre que els cr\u00edtics diuen que augmentaria el poder empresarial i faria m\u00e9s dif\u00edcil que els governs poguessin regular els mercats per al benefici p\u00fablic.\u00a0 Al debat existent cal afegir la nova Presid\u00e8ncia als Estat Units, que pot suposar un canvi en la direcci\u00f3 del projecte, si ens atenem a les declaracions del president electe.<\/p>\n<p style=\"text-align: justify\"><a href=\"https:\/\/es.linkedin.com\/in\/mark-jeffery-5775b710\">Mark Jeffery<\/a>, Cap de Comunicaci\u00f3 de la Representaci\u00f3 de la Comissi\u00f3 Europea a Barcelona i expert en la mat\u00e8ria, far\u00e0 una introducci\u00f3 sobre el tema. A continuaci\u00f3 s&#8217;obrir\u00e0 el debat, moderat per Francesco Camonita, que esperem serveixi per entendre qu\u00e8 t\u00e9 de bo, de dolent i de lleig el TTIP o, dit d&#8217;una altra manera, perqu\u00e8 uns l&#8217;estimen i uns altres l&#8217;odien.<\/p>\n<p style=\"text-align: left\"><strong>Quan:<\/strong> Dimarts, 17 de gener (de 14:15 a 15:30 h.).<br \/>\n<strong>On:<\/strong> \u00a0Centre de Documentaci\u00f3 Europea UAB, Seminari 2, Planta 2 (<a href=\"http:\/\/www.bib.uab.es\/planols_biblioteques\/bibs_campus\/doc_europea.htm\">Pl\u00e0nol d&#8217;acc\u00e9s<\/a>).<br \/>\n<strong>Inscripcions:<\/strong>\u00a0<a href=\"https:\/\/www.facebook.com\/events\/143220219507701\/\">Facebook<\/a> o enviant un correu a <a href=\"mailto:ce.doc.europea@uab.cat\">ce.doc.europea@uab.cat<br \/>\n<\/a><strong>Documentaci\u00f3:<\/strong>\u00a0<a href=\"https:\/\/www.facebook.com\/events\/143220219507701\/?active_tab=discussion\">Recopilaci\u00f3 d&#8217;enlla\u00e7os<\/a>.<\/p>\n","protected":false},"excerpt":{"rendered":"<p>Us convoquem a una nova tert\u00falia en angl\u00e8s per parlar de l&#8217;Acord Transatl\u00e0ntic sobre Comer\u00e7 i Inversi\u00f3 (TTIP). Aquest acord de lliure comer\u00e7, que est\u00e0 negociant la UE amb els Estats Units, ha sigut objecte de moltes controv\u00e8rsies. D&#8217;una banda els \u00a0defensors diuen que l&#8217;acord donaria lloc a un creixement econ\u00f2mic multilateral, mentre que els [&hellip;]<\/p>\n","protected":false},"author":50,"featured_media":0,"comment_status":"closed","ping_status":"closed","sticky":false,"template":"","format":"standard","meta":{"footnotes":""},"categories":[9],"tags":[92],"class_list":["post-7528","post","type-post","status-publish","format-standard","hentry","category-conferencies-cursos-tallers-seminaris","tag-ce"],"_links":{"self":[{"href":"https:\/\/webs.uab.cat\/cdeanuncis\/wp-json\/wp\/v2\/posts\/7528","targetHints":{"allow":["GET"]}}],"collection":[{"href":"https:\/\/webs.uab.cat\/cdeanuncis\/wp-json\/wp\/v2\/posts"}],"about":[{"href":"https:\/\/webs.uab.cat\/cdeanuncis\/wp-json\/wp\/v2\/types\/post"}],"author":[{"embeddable":true,"href":"https:\/\/webs.uab.cat\/cdeanuncis\/wp-json\/wp\/v2\/users\/50"}],"replies":[{"embeddable":true,"href":"https:\/\/webs.uab.cat\/cdeanuncis\/wp-json\/wp\/v2\/comments?post=7528"}],"version-history":[{"count":1,"href":"https:\/\/webs.uab.cat\/cdeanuncis\/wp-json\/wp\/v2\/posts\/7528\/revisions"}],"predecessor-version":[{"id":23030,"href":"https:\/\/webs.uab.cat\/cdeanuncis\/wp-json\/wp\/v2\/posts\/7528\/revisions\/23030"}],"wp:attachment":[{"href":"https:\/\/webs.uab.cat\/cdeanuncis\/wp-json\/wp\/v2\/media?parent=7528"}],"wp:term":[{"taxonomy":"category","embeddable":true,"href":"https:\/\/webs.uab.cat\/cdeanuncis\/wp-json\/wp\/v2\/categories?post=7528"},{"taxonomy":"post_tag","embeddable":true,"href":"https:\/\/webs.uab.cat\/cdeanuncis\/wp-json\/wp\/v2\/tags?post=7528"}],"curies":[{"name":"wp","href":"https:\/\/api.w.org\/{rel}","templated":true}]}}