{"id":7713,"date":"2017-02-01T10:55:51","date_gmt":"2017-02-01T09:55:51","guid":{"rendered":"http:\/\/blogs.uab.cat\/cdeanuncis\/?p=7713"},"modified":"2025-05-24T10:46:30","modified_gmt":"2025-05-24T08:46:30","slug":"una-europa-federal-propera-tertulia-en-angles","status":"publish","type":"post","link":"https:\/\/webs.uab.cat\/cdeanuncis\/2017\/02\/01\/una-europa-federal-propera-tertulia-en-angles\/","title":{"rendered":"\u00abA federal Europe&#8230;?\u00bb, propera tert\u00falia en angl\u00e8s"},"content":{"rendered":"<p style=\"text-align: justify\"><strong><img loading=\"lazy\" decoding=\"async\" class=\"alignleft\" src=\"http:\/\/cdn.static-economist.com\/sites\/default\/files\/images\/print-edition\/20120526_LDP001_0.jpg\" alt=\"\" width=\"218\" height=\"123\" \/>\u00c9s el federalisme europeu una entel\u00e8quia? o, pel contrari, \u00bf\u00e9s ja una realitat en la que es podria aprofundir i esdevenir una soluci\u00f3 per sortir de la crisi de projecte en qu\u00e8 la UE es troba immersa?<\/strong><\/p>\n<p style=\"text-align: justify\">El somni federal va n\u00e9ixer els anys 20 del segle XX i es mant\u00e9 com un moviment pol\u00edtic i social que aspira a la creaci\u00f3 d&#8217;un superestat europeu. Sobre aix\u00f2 hi ha moltes teories i incl\u00fas <a href=\"https:\/\/en.wikipedia.org\/wiki\/Federalisation_of_the_European_Union#cite_note-9\">alguns autors<\/a> consideren que la UE ja\u00a0ha tra\u00e7at la seva pr\u00f2pia marca de federalisme constitucional.<\/p>\n<p style=\"text-align: justify\">El\u00a0debat \u00e9s obert i molt ample. Es per aix\u00f2 que hem cregut interessant convidar al professor <a href=\"https:\/\/ca.wikipedia.org\/wiki\/Joan_Botella_Corral\">Joan Botella<\/a>, deg\u00e0 de la Facultat de Ci\u00e8ncies Pol\u00edtiques i de Sociologia de la UAB i president de <a href=\"http:\/\/federalistesdesquerres.org\/\">Federalistes d&#8217;Esquerres<\/a>, perqu\u00e8, des de la seva doble vessant de polit\u00f2leg \u00a0i federalista conven\u00e7ut, ens expliqui com veu la UE actual i per qu\u00e8 creuen, des de la instituci\u00f3 que ell presideix, que una Europa federal seria socialment m\u00e9s justa.<\/p>\n<p style=\"text-align: justify\">Us animem a participar en la que ser\u00e0 la darrera tert\u00falia en angl\u00e8s del curs 2016-2017 i que promet ser molt interessant:<\/p>\n<p style=\"text-align: center\"><strong>A federal Europe&#8230;.?<\/strong><br \/>\ntert\u00falia amb Joan Botella,<br \/>\nmoderada per Francesco Camonita<\/p>\n<p style=\"text-align: center\">Centre de Documentaci\u00f3 Europea,<br \/>\nEdifici E1, Seminari 2, planta 2<\/p>\n<p style=\"text-align: center\">Dimecres, 15 de febrer, de 14:15 a 15:30h<\/p>\n<p style=\"text-align: center\">Enlla\u00e7os interessants a l&#8217;<a href=\"https:\/\/www.facebook.com\/events\/145178639323097\/\">esdeveniment facebook<\/a><\/p>\n<p style=\"text-align: center\">Contacte i inscripcions:<br \/>\n<a href=\"mailto:ce.doc.europea@uab.cat\">ce.doc.europea@uab.cat<\/a><br \/>\nTfn: 93 581 16 81<\/p>\n","protected":false},"excerpt":{"rendered":"<p>\u00c9s el federalisme europeu una entel\u00e8quia? o, pel contrari, \u00bf\u00e9s ja una realitat en la que es podria aprofundir i esdevenir una soluci\u00f3 per sortir de la crisi de projecte en qu\u00e8 la UE es troba immersa? El somni federal va n\u00e9ixer els anys 20 del segle XX i es mant\u00e9 com un moviment pol\u00edtic [&hellip;]<\/p>\n","protected":false},"author":50,"featured_media":0,"comment_status":"closed","ping_status":"closed","sticky":false,"template":"","format":"standard","meta":{"footnotes":""},"categories":[9],"tags":[],"class_list":["post-7713","post","type-post","status-publish","format-standard","hentry","category-conferencies-cursos-tallers-seminaris"],"_links":{"self":[{"href":"https:\/\/webs.uab.cat\/cdeanuncis\/wp-json\/wp\/v2\/posts\/7713","targetHints":{"allow":["GET"]}}],"collection":[{"href":"https:\/\/webs.uab.cat\/cdeanuncis\/wp-json\/wp\/v2\/posts"}],"about":[{"href":"https:\/\/webs.uab.cat\/cdeanuncis\/wp-json\/wp\/v2\/types\/post"}],"author":[{"embeddable":true,"href":"https:\/\/webs.uab.cat\/cdeanuncis\/wp-json\/wp\/v2\/users\/50"}],"replies":[{"embeddable":true,"href":"https:\/\/webs.uab.cat\/cdeanuncis\/wp-json\/wp\/v2\/comments?post=7713"}],"version-history":[{"count":1,"href":"https:\/\/webs.uab.cat\/cdeanuncis\/wp-json\/wp\/v2\/posts\/7713\/revisions"}],"predecessor-version":[{"id":23035,"href":"https:\/\/webs.uab.cat\/cdeanuncis\/wp-json\/wp\/v2\/posts\/7713\/revisions\/23035"}],"wp:attachment":[{"href":"https:\/\/webs.uab.cat\/cdeanuncis\/wp-json\/wp\/v2\/media?parent=7713"}],"wp:term":[{"taxonomy":"category","embeddable":true,"href":"https:\/\/webs.uab.cat\/cdeanuncis\/wp-json\/wp\/v2\/categories?post=7713"},{"taxonomy":"post_tag","embeddable":true,"href":"https:\/\/webs.uab.cat\/cdeanuncis\/wp-json\/wp\/v2\/tags?post=7713"}],"curies":[{"name":"wp","href":"https:\/\/api.w.org\/{rel}","templated":true}]}}