{"id":8294,"date":"2017-04-08T11:20:53","date_gmt":"2017-04-08T09:20:53","guid":{"rendered":"http:\/\/blogs.uab.cat\/cdeanuncis\/?p=8294"},"modified":"2025-05-24T11:10:31","modified_gmt":"2025-05-24T09:10:31","slug":"la-uab-tindra-una-eu-student-career-ambassador","status":"publish","type":"post","link":"https:\/\/webs.uab.cat\/cdeanuncis\/2017\/04\/08\/la-uab-tindra-una-eu-student-career-ambassador\/","title":{"rendered":"La UAB tindr\u00e0 una EU Career Students Ambassador"},"content":{"rendered":"<p style=\"text-align: justify\"><strong><img loading=\"lazy\" decoding=\"async\" class=\"alignleft wp-image-8295 size-full\" src=\"http:\/\/blogs.uab.cat\/cdeanuncis\/files\/2017\/04\/EUambassdor2.jpg\" alt=\"\" width=\"106\" height=\"104\" \/>Despr\u00e9s del proc\u00e9s de selecci\u00f3 realitzat a la UAB, l&#8217;estudiant de la titulaci\u00f3 de Ci\u00e8ncies Ambientals <span style=\"text-decoration: underline\">Cristina Monferrer Vera<\/span> ha estat escollida com a EU Student Career Ambassador, representant al conjunt d\u2019estudiants del sistema universitari catal\u00e0 davant la Uni\u00f3 Europea.<\/strong><\/p>\n<p style=\"text-align: justify\">La gunayadora \u00e9s estudiant de 3er curs de Ci\u00e8ncies Ambientals, parla angl\u00e8s, alemany i franc\u00e8s i vol treballar, en un futur, a la UE dins de la branca de Medi Ambient. Compr<span class=\"text_exposed_show\">omesa amb el medi ambient, activa, constant, organitzada i perseverant, t\u00e9 unes molt bones compet\u00e8ncies en comunicaci\u00f3 en diferents lleng\u00fces i el que vol \u00e9s poder aportar el seu gra de sorra en construir una Europa m\u00e9s compromesa amb el medi ambient.<\/span><\/p>\n<div class=\"text_exposed_show\">\n<p style=\"text-align: justify\">El c\u00e0rrec d\u2019<a href=\"https:\/\/epso.europa.eu\/job-opportunities\/students-and-graduates_en\" target=\"_blank\" rel=\"noopener\">EU Student Career Students Ambassador<\/a> \u00e9s una oportunitat que ofereix la Uni\u00f3 Europea als estudiants universitaris que vulguin tenir una carrera professional dins d\u2019aquest organisme.<\/p>\n<p style=\"text-align: justify\">Les possibilitats d\u2019aquest c\u00e0rrec portaran a poder construir una xarxa de persones amb els mateixos interessos arran d\u2019Europa, adquirir experi\u00e8ncia laboral compaginada amb els estudis, desenvolupar les compet\u00e8ncies de parlar en p\u00fablic, m\u00e0rqueting i gesti\u00f3 de persones, rebre formaci\u00f3 complerta relacionada amb les oportunitats laborals que ofereix la Uni\u00f3 Europea i difondre-les entre els estudiants de cada universitat.<\/p>\n<p style=\"text-align: justify\">Felicitats Cristina! Esperem col\u00b7laborar molt amb tu!<\/p>\n<\/div>\n","protected":false},"excerpt":{"rendered":"<p>Despr\u00e9s del proc\u00e9s de selecci\u00f3 realitzat a la UAB, l&#8217;estudiant de la titulaci\u00f3 de Ci\u00e8ncies Ambientals Cristina Monferrer Vera ha estat escollida com a EU Student Career Ambassador, representant al conjunt d\u2019estudiants del sistema universitari catal\u00e0 davant la Uni\u00f3 Europea. La gunayadora \u00e9s estudiant de 3er curs de Ci\u00e8ncies Ambientals, parla angl\u00e8s, alemany i franc\u00e8s [&hellip;]<\/p>\n","protected":false},"author":50,"featured_media":0,"comment_status":"closed","ping_status":"closed","sticky":false,"template":"","format":"standard","meta":{"footnotes":""},"categories":[9],"tags":[119],"class_list":["post-8294","post","type-post","status-publish","format-standard","hentry","category-conferencies-cursos-tallers-seminaris","tag-eu-careers-ambassador"],"_links":{"self":[{"href":"https:\/\/webs.uab.cat\/cdeanuncis\/wp-json\/wp\/v2\/posts\/8294","targetHints":{"allow":["GET"]}}],"collection":[{"href":"https:\/\/webs.uab.cat\/cdeanuncis\/wp-json\/wp\/v2\/posts"}],"about":[{"href":"https:\/\/webs.uab.cat\/cdeanuncis\/wp-json\/wp\/v2\/types\/post"}],"author":[{"embeddable":true,"href":"https:\/\/webs.uab.cat\/cdeanuncis\/wp-json\/wp\/v2\/users\/50"}],"replies":[{"embeddable":true,"href":"https:\/\/webs.uab.cat\/cdeanuncis\/wp-json\/wp\/v2\/comments?post=8294"}],"version-history":[{"count":1,"href":"https:\/\/webs.uab.cat\/cdeanuncis\/wp-json\/wp\/v2\/posts\/8294\/revisions"}],"predecessor-version":[{"id":19991,"href":"https:\/\/webs.uab.cat\/cdeanuncis\/wp-json\/wp\/v2\/posts\/8294\/revisions\/19991"}],"wp:attachment":[{"href":"https:\/\/webs.uab.cat\/cdeanuncis\/wp-json\/wp\/v2\/media?parent=8294"}],"wp:term":[{"taxonomy":"category","embeddable":true,"href":"https:\/\/webs.uab.cat\/cdeanuncis\/wp-json\/wp\/v2\/categories?post=8294"},{"taxonomy":"post_tag","embeddable":true,"href":"https:\/\/webs.uab.cat\/cdeanuncis\/wp-json\/wp\/v2\/tags?post=8294"}],"curies":[{"name":"wp","href":"https:\/\/api.w.org\/{rel}","templated":true}]}}