{"id":8798,"date":"2017-06-14T10:24:47","date_gmt":"2017-06-14T09:24:47","guid":{"rendered":"http:\/\/blogs.uab.cat\/cdeanuncis\/?p=8798"},"modified":"2025-05-24T09:44:52","modified_gmt":"2025-05-24T07:44:52","slug":"taller-la-ue-als-instituts","status":"publish","type":"post","link":"https:\/\/webs.uab.cat\/cdeanuncis\/2017\/06\/14\/taller-la-ue-als-instituts\/","title":{"rendered":"Taller per a docents d\u2019educaci\u00f3 secund\u00e0ria"},"content":{"rendered":"<p style=\"text-align: justify\"><strong>Taller per a docents d\u2019educaci\u00f3 secund\u00e0ria sobre la UE i les pol\u00edtiques p\u00fabliques europees.<\/strong><\/p>\n<p style=\"text-align: justify\">El taller es proposa familiaritzar al professorat sobre el funcionament de la UE, com a principal generadora de pol\u00edtiques publiques amb impacte sobre la vida de la ciutadania en general i de la joventut en particular.<\/p>\n<p style=\"text-align: justify\">A partir de les necessitats formatives dels centres de secund\u00e0ria, i mitjan\u00e7ant la presentaci\u00f3 de pol\u00edtiques concretes, el taller dotar\u00e0 als docents d\u2019eines \u00fatils per ampliar el coneixements sobre la UE i que els serviran per apropar les pol\u00edtiques europees a l\u2019alumnat.<\/p>\n<p style=\"text-align: left\"><span style=\"text-decoration: underline\"><span style=\"color: #000000;text-decoration: underline\">Organitza<\/span><\/span><br \/>\nC\u00e0tedra Jean Monnet sobre Governan\u00e7a en la UE, que dirigeix el Dr. Javier Arregui<\/p>\n<p style=\"text-align: left\"><span style=\"text-decoration: underline\"><span style=\"color: #000000;text-decoration: underline\">Responsable del taller<\/span><\/span><br \/>\nDr. Andrea Noferini, professor de Ci\u00e8ncia Pol\u00edtica<\/p>\n<p style=\"text-align: left\"><span style=\"text-decoration: underline\"><span style=\"color: #000000;text-decoration: underline\">Col\u00b7labora<\/span><\/span><br \/>\nSra. Concepci\u00f3 Mu\u00f1oz, documentalista del Centre de Documentaci\u00f3 Europea (UAB)<\/p>\n<p style=\"text-align: center\"><strong><span style=\"color: #339966\">Dijous, 6 de juliol de 2017 \u250215-19 h. \u2502Aula 20.283<\/span><\/strong><br \/>\n<span style=\"color: #000000\">Universitat Pompeu Fabra \u2013 Campus de Ciutadella<\/span><br \/>\n(Ramon Trias Fargas, 25-27 Barcelona)<\/p>\n<p style=\"text-align: center\"><strong><span style=\"color: #339966\">Taller gratu\u00eft<\/span><\/strong><br \/>\nRegistre i informaci\u00f3: <a href=\"mailto:andrea.noferini@upf.edu\">andrea.noferini@upf.edu<br \/>\n<\/a>Data l\u00edmit d\u2019inscripci\u00f3: 30 de juny de 2017<\/p>\n","protected":false},"excerpt":{"rendered":"<p>Taller per a docents d\u2019educaci\u00f3 secund\u00e0ria sobre la UE i les pol\u00edtiques p\u00fabliques europees. El taller es proposa familiaritzar al professorat sobre el funcionament de la UE, com a principal generadora de pol\u00edtiques publiques amb impacte sobre la vida de la ciutadania en general i de la joventut en particular. A partir de les necessitats [&hellip;]<\/p>\n","protected":false},"author":50,"featured_media":15267,"comment_status":"closed","ping_status":"closed","sticky":false,"template":"","format":"standard","meta":{"footnotes":""},"categories":[9,14],"tags":[120],"class_list":["post-8798","post","type-post","status-publish","format-standard","has-post-thumbnail","hentry","category-conferencies-cursos-tallers-seminaris","category-escoles-instituts","tag-baces-2"],"_links":{"self":[{"href":"https:\/\/webs.uab.cat\/cdeanuncis\/wp-json\/wp\/v2\/posts\/8798","targetHints":{"allow":["GET"]}}],"collection":[{"href":"https:\/\/webs.uab.cat\/cdeanuncis\/wp-json\/wp\/v2\/posts"}],"about":[{"href":"https:\/\/webs.uab.cat\/cdeanuncis\/wp-json\/wp\/v2\/types\/post"}],"author":[{"embeddable":true,"href":"https:\/\/webs.uab.cat\/cdeanuncis\/wp-json\/wp\/v2\/users\/50"}],"replies":[{"embeddable":true,"href":"https:\/\/webs.uab.cat\/cdeanuncis\/wp-json\/wp\/v2\/comments?post=8798"}],"version-history":[{"count":1,"href":"https:\/\/webs.uab.cat\/cdeanuncis\/wp-json\/wp\/v2\/posts\/8798\/revisions"}],"predecessor-version":[{"id":23022,"href":"https:\/\/webs.uab.cat\/cdeanuncis\/wp-json\/wp\/v2\/posts\/8798\/revisions\/23022"}],"wp:featuredmedia":[{"embeddable":true,"href":"https:\/\/webs.uab.cat\/cdeanuncis\/wp-json\/wp\/v2\/media\/15267"}],"wp:attachment":[{"href":"https:\/\/webs.uab.cat\/cdeanuncis\/wp-json\/wp\/v2\/media?parent=8798"}],"wp:term":[{"taxonomy":"category","embeddable":true,"href":"https:\/\/webs.uab.cat\/cdeanuncis\/wp-json\/wp\/v2\/categories?post=8798"},{"taxonomy":"post_tag","embeddable":true,"href":"https:\/\/webs.uab.cat\/cdeanuncis\/wp-json\/wp\/v2\/tags?post=8798"}],"curies":[{"name":"wp","href":"https:\/\/api.w.org\/{rel}","templated":true}]}}