{"id":9169,"date":"2017-10-23T12:08:34","date_gmt":"2017-10-23T10:08:34","guid":{"rendered":"http:\/\/blogs.uab.cat\/cdeanuncis\/?p=9169"},"modified":"2025-05-24T11:19:39","modified_gmt":"2025-05-24T09:19:39","slug":"eu-workshop-2017-2018","status":"publish","type":"post","link":"https:\/\/webs.uab.cat\/cdeanuncis\/2017\/10\/23\/eu-workshop-2017-2018\/","title":{"rendered":"EU Workshop 2017-2018"},"content":{"rendered":"<p style=\"text-align: justify\"><img loading=\"lazy\" decoding=\"async\" class=\"alignleft size-medium wp-image-9173\" src=\"http:\/\/blogs.uab.cat\/cdeanuncis\/files\/2017\/10\/IMG_20171011_101844-300x208.jpg\" alt=\"\" width=\"300\" height=\"208\">Aquest curs repetim l&#8217;EU Workshop adre\u00e7at a estudiants del M\u00e0ster d&#8217;Integraci\u00f3 Europea, especialment als extracomunitaris, per oferir una introducci\u00f3 general a la Uni\u00f3 Europea.<\/p>\n<p style=\"text-align: justify\">La metodologia emprada combina el campus virtual (aules Moodle) amb l&#8217;assist\u00e8ncia personalitzada durant les sessions, mitjan\u00e7ant l&#8217;atenci\u00f3 de consultes espec\u00edfiques que van sortint durant l&#8217;activitat.<\/p>\n<p style=\"text-align: justify\">La durada del taller \u00e9s de 3 setmanes (del 10 al 30 d&#8217;octubre), en un horari flexible de matins (de 10 a 14 h.).<\/p>\n<p style=\"text-align: justify\">El curs virtual s&#8217;han estructurat en 5 m\u00f2duls, que estan subdividits en \u00e0rees tem\u00e0tiques,&nbsp; i que s&#8217;han anat incorporant progressivament. Cada apartat cont\u00e9 lectures, v\u00eddeos i q\u00fcestionaris. Els temes tractats s\u00f3n:<\/p>\n<p>M\u00f2dul 1: Introducci\u00f3 a la UE<\/p>\n<ul>\n<li>Hist\u00f2ria i definici\u00f3<\/li>\n<li>Geografia i ampliacions<\/li>\n<li>Identitat europea<\/li>\n<li>Consolidaci\u00f3<\/li>\n<\/ul>\n<p>M\u00f2dul 2: Institucions<\/p>\n<ul>\n<li>Introducci\u00f3<\/li>\n<li>Parlament Europeu<\/li>\n<li>Consell de la UE i Consell Europeu<\/li>\n<li>Comissi\u00f3 Europea<\/li>\n<\/ul>\n<p>M\u00f2dul 3: Dret<\/p>\n<ul>\n<li>Legislaci\u00f3 europea<\/li>\n<li>Ciutadania de la UE<\/li>\n<li>Tribunal de Just\u00edcia de la UE<\/li>\n<\/ul>\n<p>M\u00f2dul 4: Economia<\/p>\n<ul>\n<li>Mercat \u00fanic<\/li>\n<li>L&#8217;Euro i el Banc Central Europeu<\/li>\n<li>El pressupost<\/li>\n<li>Governan\u00e7a econ\u00f2mica<\/li>\n<\/ul>\n<p>M\u00f2dul 5: Espai de reflexi\u00f3<\/p>\n<ul>\n<li>Lectures complement\u00e0ries sobre temes de debat<\/li>\n<\/ul>\n<p style=\"text-align: justify\">L&#8217;experi\u00e8ncia est\u00e0 sent molt satisfact\u00f2ria, entre d&#8217;altres raons, perqu\u00e8 apropa els estudiants al Centre i ajuda a qu\u00e8 ens identifiquin com un centre de suport per a les seves consultes durant el curs.<\/p>\n<p style=\"text-align: justify\">A <a href=\"https:\/\/www.facebook.com\/cdeuab\/posts\/1609823532394906\" target=\"_blank\" rel=\"noopener noreferrer\">facebook <\/a>trobareu m\u00e9s fotografies de l&#8217;activitat.<\/p>\n","protected":false},"excerpt":{"rendered":"<p>Aquest curs repetim l&#8217;EU Workshop adre\u00e7at a estudiants del M\u00e0ster d&#8217;Integraci\u00f3 Europea, especialment als extracomunitaris, per oferir una introducci\u00f3 general a la Uni\u00f3 Europea. La metodologia emprada combina el campus virtual (aules Moodle) amb l&#8217;assist\u00e8ncia personalitzada durant les sessions, mitjan\u00e7ant l&#8217;atenci\u00f3 de consultes espec\u00edfiques que van sortint durant l&#8217;activitat. La durada del taller \u00e9s de [&hellip;]<\/p>\n","protected":false},"author":50,"featured_media":0,"comment_status":"closed","ping_status":"closed","sticky":false,"template":"","format":"standard","meta":{"footnotes":""},"categories":[9],"tags":[109],"class_list":["post-9169","post","type-post","status-publish","format-standard","hentry","category-conferencies-cursos-tallers-seminaris","tag-cde"],"_links":{"self":[{"href":"https:\/\/webs.uab.cat\/cdeanuncis\/wp-json\/wp\/v2\/posts\/9169","targetHints":{"allow":["GET"]}}],"collection":[{"href":"https:\/\/webs.uab.cat\/cdeanuncis\/wp-json\/wp\/v2\/posts"}],"about":[{"href":"https:\/\/webs.uab.cat\/cdeanuncis\/wp-json\/wp\/v2\/types\/post"}],"author":[{"embeddable":true,"href":"https:\/\/webs.uab.cat\/cdeanuncis\/wp-json\/wp\/v2\/users\/50"}],"replies":[{"embeddable":true,"href":"https:\/\/webs.uab.cat\/cdeanuncis\/wp-json\/wp\/v2\/comments?post=9169"}],"version-history":[{"count":1,"href":"https:\/\/webs.uab.cat\/cdeanuncis\/wp-json\/wp\/v2\/posts\/9169\/revisions"}],"predecessor-version":[{"id":21117,"href":"https:\/\/webs.uab.cat\/cdeanuncis\/wp-json\/wp\/v2\/posts\/9169\/revisions\/21117"}],"wp:attachment":[{"href":"https:\/\/webs.uab.cat\/cdeanuncis\/wp-json\/wp\/v2\/media?parent=9169"}],"wp:term":[{"taxonomy":"category","embeddable":true,"href":"https:\/\/webs.uab.cat\/cdeanuncis\/wp-json\/wp\/v2\/categories?post=9169"},{"taxonomy":"post_tag","embeddable":true,"href":"https:\/\/webs.uab.cat\/cdeanuncis\/wp-json\/wp\/v2\/tags?post=9169"}],"curies":[{"name":"wp","href":"https:\/\/api.w.org\/{rel}","templated":true}]}}