{"id":9361,"date":"2018-04-06T11:30:14","date_gmt":"2018-04-06T09:30:14","guid":{"rendered":"http:\/\/blogs.uab.cat\/cdeanuncis\/?p=9361"},"modified":"2025-05-24T10:25:32","modified_gmt":"2025-05-24T08:25:32","slug":"cronica-del-seminari-brexit-is-coming","status":"publish","type":"post","link":"https:\/\/webs.uab.cat\/cdeanuncis\/2018\/04\/06\/cronica-del-seminari-brexit-is-coming\/","title":{"rendered":"Cr\u00f2nica del seminari \u00abBrexit is coming!\u00bb"},"content":{"rendered":"<p style=\"text-align: justify\">El passat dijous 5 d\u2019abril va tenir lloc a la Sala de Juntes de la Facultat de Dret \u00a0de la UAB un seminari sobre el Brexit, organitzat per l\u2019<strong>Institut d\u2019Estudis Europeus<\/strong> i el projecte de recerca \u00ab<a href=\"http:\/\/blogs.uab.cat\/litigacioint11\/\" target=\"_blank\" rel=\"noopener noreferrer\">Brexit y libertad de establecimiento<\/a>\u00ab.<\/p>\n<p style=\"text-align: justify\">El seminari va permetre als assistents obtenir una visi\u00f3\u00a0 m\u00e9s clara de la situaci\u00f3 actual en la que es troba el proc\u00e9s del Brexit, ja que va comptar amb la participaci\u00f3 de <strong>Kieran Bradley<\/strong> (assessor especial del Tribunal de Just\u00edcia de la UE sobre Brexit) i de <strong>Marta Requejo<\/strong> (investigadora de l\u2019Institut Max Planck de Luxemburg).<\/p>\n<p style=\"text-align: justify\">A l\u2019inici del seminari, Kieran Bradley va destacar que el Brexit es un proc\u00e9s amb un objectiu molt clar per\u00f2 molt complex: la sortida del Regne Unit de la UE.<\/p>\n<p style=\"text-align: justify\">Bradley va assenyalar que, com a tot proc\u00e9s, el Brexit compta amb diverses fases que van des de la decisi\u00f3 presa pel Regne Unit, fins a la seva sortida definitiva de la UE, i que, actualment, el proc\u00e9s es troba en la fase que ell considera m\u00e9s important, la fase de negociacions.<\/p>\n<p style=\"text-align: justify\">A partir d\u2019aquest punt, el seminari es va centrar, precisament, en els aven\u00e7os realitzats en les negociacions i en la import\u00e0ncia de les mateixes, ja que, si no s\u2019arrib\u00e9s a un acord entre ambdues parts, la sortida del Regne Unit podria resultar ca\u00f2tica i repercutiria de manera negativa tant als ciutadans, com als mercats, els quals es trobarien sense unes \u201cregles de joc\u201d clares, aplicables a la relaci\u00f3 entre el Regne Unit i la resta d\u2019Estats Membres de la Uni\u00f3.<\/p>\n<p style=\"text-align: justify\">Per exemple, Bradley va destacar el problema que es crearia a Irlanda en cas de qu\u00e8 no s\u2019arrib\u00e9s a un acord sobre la circulaci\u00f3 de mercaderies i persones, espec\u00edficament a la frontera amb Irlanda del Nord, ja que, tal i com va senyalar, es tracta de dos mercats tan cohesionats, per raons geogr\u00e0fiques, que gaireb\u00e9 funcionen com un sol mercat.<\/p>\n<p style=\"text-align: justify\">Tot i la gran import\u00e0ncia d\u2019arribar a acords que permetin una sortida harmonitzada,<strong> les negociacions no estan sent precisament senzilles<\/strong>. A tall il\u00b7lustratiu d\u2019aquesta dificultat, Bradley destaca que nom\u00e9s cal fixar-se en el fet que al comen\u00e7ament les parts no estaven d\u2019acord ni tan sols en el contingut dels temes que s\u2019havien de negociar, ja que el Regne Unit volia incloure en la negociaci\u00f3 les futures relacions amb la Uni\u00f3, mentre que la UE optava per deixar aquesta negociaci\u00f3 per un moment posterior, un cop el Regne Unit hagi abandonat la UE.<\/p>\n<p style=\"text-align: justify\">En aquest punt del seminari, Marta Requejo es va referir a la durada de les negociacions, ja que, segons preveu el dret de la Uni\u00f3, si no s\u2019ha arribat a un acord el dia 29 de mar\u00e7 del 2019, el Regne Unit abandonar\u00e0 autom\u00e0ticament la UE. Malgrat aix\u00f2, la ponent, va destacar<strong> la import\u00e0ncia de l\u2019exist\u00e8ncia d\u2019un per\u00edode de transici\u00f3<\/strong>, que duraria fins al 31 de desembre de 2020, durant el qual el dret de la Uni\u00f3 encara s\u2019aplicaria en les relacions entre particulars d\u2019un Estat Membre i del Regne Unit, ampliant aix\u00ed el temps per arribar a acords que facilitin la sortida del Regne Unit.<\/p>\n<p style=\"text-align: justify\">Tot i la dificultat de les negociacions, Marta Requejo va expressar <strong>un punt d\u2019optimisme<\/strong>, ja que el passat mes de mar\u00e7, es va presentar un esborrany amb els acords als quals s\u2019ha arribat fins el moment que fa pensar en una sortida relativament tranquil\u00b7la del Regne Unit.<\/p>\n<p style=\"text-align: justify\">Per finalitzar l\u2019acte es va dur a terme un breu debat que va donar l\u2019oportunitat als assistents d\u2019expressar les seves opinions sobre el futur i les conseq\u00fc\u00e8ncies del Brexit.<\/p>\n<p style=\"text-align: right\"><strong>Aida Galan Vives<\/strong><br \/>\nPr\u00e0ctiques professionals del Grau de Dret<br \/>\nal Centre de Documentaci\u00f3 Europea (UAB)<\/p>\n","protected":false},"excerpt":{"rendered":"<p>El passat dijous 5 d\u2019abril va tenir lloc a la Sala de Juntes de la Facultat de Dret \u00a0de la UAB un seminari sobre el Brexit, organitzat per l\u2019Institut d\u2019Estudis Europeus i el projecte de recerca \u00abBrexit y libertad de establecimiento\u00ab. El seminari va permetre als assistents obtenir una visi\u00f3\u00a0 m\u00e9s clara de la situaci\u00f3 [&hellip;]<\/p>\n","protected":false},"author":50,"featured_media":9408,"comment_status":"closed","ping_status":"closed","sticky":false,"template":"","format":"standard","meta":{"footnotes":""},"categories":[9],"tags":[59],"class_list":["post-9361","post","type-post","status-publish","format-standard","has-post-thumbnail","hentry","category-conferencies-cursos-tallers-seminaris","tag-iee"],"_links":{"self":[{"href":"https:\/\/webs.uab.cat\/cdeanuncis\/wp-json\/wp\/v2\/posts\/9361","targetHints":{"allow":["GET"]}}],"collection":[{"href":"https:\/\/webs.uab.cat\/cdeanuncis\/wp-json\/wp\/v2\/posts"}],"about":[{"href":"https:\/\/webs.uab.cat\/cdeanuncis\/wp-json\/wp\/v2\/types\/post"}],"author":[{"embeddable":true,"href":"https:\/\/webs.uab.cat\/cdeanuncis\/wp-json\/wp\/v2\/users\/50"}],"replies":[{"embeddable":true,"href":"https:\/\/webs.uab.cat\/cdeanuncis\/wp-json\/wp\/v2\/comments?post=9361"}],"version-history":[{"count":1,"href":"https:\/\/webs.uab.cat\/cdeanuncis\/wp-json\/wp\/v2\/posts\/9361\/revisions"}],"predecessor-version":[{"id":19989,"href":"https:\/\/webs.uab.cat\/cdeanuncis\/wp-json\/wp\/v2\/posts\/9361\/revisions\/19989"}],"wp:featuredmedia":[{"embeddable":true,"href":"https:\/\/webs.uab.cat\/cdeanuncis\/wp-json\/wp\/v2\/media\/9408"}],"wp:attachment":[{"href":"https:\/\/webs.uab.cat\/cdeanuncis\/wp-json\/wp\/v2\/media?parent=9361"}],"wp:term":[{"taxonomy":"category","embeddable":true,"href":"https:\/\/webs.uab.cat\/cdeanuncis\/wp-json\/wp\/v2\/categories?post=9361"},{"taxonomy":"post_tag","embeddable":true,"href":"https:\/\/webs.uab.cat\/cdeanuncis\/wp-json\/wp\/v2\/tags?post=9361"}],"curies":[{"name":"wp","href":"https:\/\/api.w.org\/{rel}","templated":true}]}}