{"id":9374,"date":"2018-04-06T11:48:30","date_gmt":"2018-04-06T10:48:30","guid":{"rendered":"http:\/\/blogs.uab.cat\/cdeanuncis\/?p=9374"},"modified":"2025-05-24T10:24:53","modified_gmt":"2025-05-24T08:24:53","slug":"brexit-implications-for-animal-welfare-in-the-uk","status":"publish","type":"post","link":"https:\/\/webs.uab.cat\/cdeanuncis\/2018\/04\/06\/brexit-implications-for-animal-welfare-in-the-uk\/","title":{"rendered":"BREXIT: Implications for animal welfare in the UK"},"content":{"rendered":"<p style=\"text-align: justify\">El passat dijous dia <strong>5 d\u2019abril<\/strong> va tenir lloc a la <strong>Facultat de Dret<\/strong> de la nostra universitat una confer\u00e8ncia organitzada per l\u2019International Center for Animal Law and Policy (ICALP) sobre les conseq\u00fc\u00e8ncies del Brexit al benestar dels animals al Regne Unit.<\/p>\n<p style=\"text-align: justify\">L\u2019encarregat de fer la reflexi\u00f3 i tractar la mat\u00e8ria va ser <strong>Oliver Wookey<\/strong>, un jove angl\u00e8s ex alumne del <strong>M\u00e0ster en Dret Animal<\/strong> de la UAB, endinsat en les repercussions de la decisi\u00f3 de l\u2019Estat membre.<\/p>\n<p style=\"text-align: justify\">Com sabem, el 29 de mar\u00e7 del 2017 va votar-se la sortida comunit\u00e0ria del Regne Unit, amb un resultat favorable del Brexit que suposava un fet hist\u00f2ric a la vida de la UE, ja que per primera vegada es topava amb un desig d\u2019abandonament.<\/p>\n<p style=\"text-align: justify\">Actualment la situaci\u00f3 es troba en estat de negociaci\u00f3 i la data prevista per a la sortida del Regne Unit \u00e9s el 29 de mar\u00e7 del 2019, que obriria un per\u00edode de transici\u00f3 fins el 31 de desembre del 2020 per tal d\u2019assolir l\u2019adaptaci\u00f3 a les regles post-Brexit i el clar establiment de les noves relacions entre l\u2019estat i la Uni\u00f3.<\/p>\n<p style=\"text-align: justify\">En aquest escenari d\u2019incertesa, l\u2019an\u00e0lisi que es pot fer \u00e9s el seg\u00fcent:<\/p>\n<p style=\"text-align: justify\"><strong>Al Regne Unit, la legislaci\u00f3 derivada de la UE en mat\u00e8ria de benestar animal \u00e9s del 80%<\/strong>, i en el cas dels animals de granja ho \u00e9s al complet. Des de 1958 hi ha hagut una ampliaci\u00f3 constant entre tractats, regulacions, directives&#8230; Davant d\u2019aix\u00f2 trobem requeriments per tal que totes les mesures de protecci\u00f3 dels animals a les regulacions de la Uni\u00f3 siguin incorporades al dret del Regne Unit i per qu\u00e8 l\u2019Estat Membre continu\u00ef aprofitant els acords internacionals i tractats per a la millora de la protecci\u00f3 del benestar animal.<\/p>\n<p style=\"text-align: justify\">El ponent exposava que <strong>el to general del discurs pol\u00edtic actual \u00e9s positiu pel que fa al benestar animal<\/strong>. Va citar, entre d\u2019altres, a Theresa May, qui va afirmar que sortir de la UE no canviaria la voluntat de benestar per als animals a la que s\u2019ha arribat fins al moment.<\/p>\n<p style=\"text-align: justify\">La UE \u00e9s una font clau d\u2019informaci\u00f3 cient\u00edfica sobre benestar animal, aporta dades mitjan\u00e7ant eines com s\u00f3n l\u2019European Food Safety Authority (EFSA), el Scientific Committee on Animal Health and Animal Welfare (SCAHAW) i el Scientific Veterinary Committee (SVC). Per tant \u00e9s essencial que ara el Regne Unit reforci els seus cossos especialitzats, el Farm Animal Welfare Council (FAWC) i l\u2019Animal And Plants Health Association (APHA).<\/p>\n<p style=\"text-align: justify\">Wookey va remarcar la import\u00e0ncia de qu\u00e8 el benestar animal estigui present en les negociacions del Brexit, que tamb\u00e9 se li doni prioritat, ja que quan estan sobre la taula q\u00fcestions com fronteres i immigraci\u00f3 passa a un segon pla.<\/p>\n<p style=\"text-align: justify\">La confer\u00e8ncia va concloure amb la idea que \u00e9s positiu seguir col\u00b7laborant amb la Uni\u00f3 en aquests \u00e0mbits tot i sortir del seu marc per a qu\u00e8 persisteixi el benefici que produeix en tants aspectes importants com ho s\u00f3n els drets dels animals.<\/p>\n<p style=\"text-align: right\"><strong>Daniela Fern\u00e1ndez Llorens<\/strong><br \/>\nPr\u00e0ctiques professionals\u00a0Grau de Dret<br \/>\nal Centre de Documentaci\u00f3 Europea (UAB)<\/p>\n","protected":false},"excerpt":{"rendered":"<p>El passat dijous dia 5 d\u2019abril va tenir lloc a la Facultat de Dret de la nostra universitat una confer\u00e8ncia organitzada per l\u2019International Center for Animal Law and Policy (ICALP) sobre les conseq\u00fc\u00e8ncies del Brexit al benestar dels animals al Regne Unit. L\u2019encarregat de fer la reflexi\u00f3 i tractar la mat\u00e8ria va ser Oliver Wookey, [&hellip;]<\/p>\n","protected":false},"author":50,"featured_media":0,"comment_status":"closed","ping_status":"closed","sticky":false,"template":"","format":"standard","meta":{"footnotes":""},"categories":[9],"tags":[56],"class_list":["post-9374","post","type-post","status-publish","format-standard","hentry","category-conferencies-cursos-tallers-seminaris","tag-fac-dret"],"_links":{"self":[{"href":"https:\/\/webs.uab.cat\/cdeanuncis\/wp-json\/wp\/v2\/posts\/9374","targetHints":{"allow":["GET"]}}],"collection":[{"href":"https:\/\/webs.uab.cat\/cdeanuncis\/wp-json\/wp\/v2\/posts"}],"about":[{"href":"https:\/\/webs.uab.cat\/cdeanuncis\/wp-json\/wp\/v2\/types\/post"}],"author":[{"embeddable":true,"href":"https:\/\/webs.uab.cat\/cdeanuncis\/wp-json\/wp\/v2\/users\/50"}],"replies":[{"embeddable":true,"href":"https:\/\/webs.uab.cat\/cdeanuncis\/wp-json\/wp\/v2\/comments?post=9374"}],"version-history":[{"count":1,"href":"https:\/\/webs.uab.cat\/cdeanuncis\/wp-json\/wp\/v2\/posts\/9374\/revisions"}],"predecessor-version":[{"id":23017,"href":"https:\/\/webs.uab.cat\/cdeanuncis\/wp-json\/wp\/v2\/posts\/9374\/revisions\/23017"}],"wp:attachment":[{"href":"https:\/\/webs.uab.cat\/cdeanuncis\/wp-json\/wp\/v2\/media?parent=9374"}],"wp:term":[{"taxonomy":"category","embeddable":true,"href":"https:\/\/webs.uab.cat\/cdeanuncis\/wp-json\/wp\/v2\/categories?post=9374"},{"taxonomy":"post_tag","embeddable":true,"href":"https:\/\/webs.uab.cat\/cdeanuncis\/wp-json\/wp\/v2\/tags?post=9374"}],"curies":[{"name":"wp","href":"https:\/\/api.w.org\/{rel}","templated":true}]}}