{"id":9539,"date":"2018-05-07T14:34:01","date_gmt":"2018-05-07T13:34:01","guid":{"rendered":"http:\/\/blogs.uab.cat\/cdeanuncis\/?p=9539"},"modified":"2025-05-24T11:05:38","modified_gmt":"2025-05-24T09:05:38","slug":"nou-llibre-digital-sobre-eurorregions","status":"publish","type":"post","link":"https:\/\/webs.uab.cat\/cdeanuncis\/2018\/05\/07\/nou-llibre-digital-sobre-eurorregions\/","title":{"rendered":"Nova publicaci\u00f3 sobre Euroregions"},"content":{"rendered":"<p style=\"text-align: justify\">Us presentem aquest <a href=\"https:\/\/ddd.uab.cat\/pub\/llibres\/2018\/189399\/RECOT_CRII_Catalogue.pdf\" target=\"_blank\" rel=\"noopener noreferrer\">cat\u00e0leg de\u00a0bones pr\u00e0ctiques en cooperaci\u00f3 territorial<\/a>\u00a0elaborat per la <a href=\"http:\/\/blogs.uab.cat\/recot\/\" target=\"_blank\" rel=\"noopener noreferrer\">Xarxa RECOT<\/a> (un equip de recerca integrat per membres de la Universitat Aut\u00f2noma de Barcelona i la Universitat de Vigo).<\/p>\n<p style=\"text-align: justify\">El Cat\u00e0leg \u00e9s el resultat principal del projecte de recerca \u00abCooperaci\u00f3 Territorial a Espanya i la UE: una selecci\u00f3 d&#8217;experi\u00e8ncies orientadores d&#8217;excel\u00b7l\u00e8ncia i innovaci\u00f3 en el per\u00edode 2014-2020\u00bb, finan\u00e7at pel programa nacional d&#8217;R+D+i.<\/p>\n<p style=\"text-align: justify\">El Cat\u00e0leg pret\u00e9n centrar l&#8217;atenci\u00f3 de les institucions europees sobre la import\u00e0ncia de les Euroregions com a organitzacions que ajuden a refor\u00e7ar el proc\u00e9s d&#8217;integraci\u00f3 europea, precisament en un moment en qu\u00e8 es q\u00fcestiona. El llibre ofereix una visi\u00f3 general de les Euroregions i les seves activitats de Cooperaci\u00f3 Transfronterera, juntament amb una mostra de Bones Pr\u00e0ctiques seleccionades entre totes les Euroregions actives a la UE.<\/p>\n","protected":false},"excerpt":{"rendered":"<p>Us presentem aquest cat\u00e0leg de\u00a0bones pr\u00e0ctiques en cooperaci\u00f3 territorial\u00a0elaborat per la Xarxa RECOT (un equip de recerca integrat per membres de la Universitat Aut\u00f2noma de Barcelona i la Universitat de Vigo). El Cat\u00e0leg \u00e9s el resultat principal del projecte de recerca \u00abCooperaci\u00f3 Territorial a Espanya i la UE: una selecci\u00f3 d&#8217;experi\u00e8ncies orientadores d&#8217;excel\u00b7l\u00e8ncia i innovaci\u00f3 [&hellip;]<\/p>\n","protected":false},"author":50,"featured_media":9540,"comment_status":"closed","ping_status":"closed","sticky":false,"template":"","format":"standard","meta":{"footnotes":""},"categories":[35],"tags":[],"class_list":["post-9539","post","type-post","status-publish","format-standard","has-post-thumbnail","hentry","category-publicacions"],"_links":{"self":[{"href":"https:\/\/webs.uab.cat\/cdeanuncis\/wp-json\/wp\/v2\/posts\/9539","targetHints":{"allow":["GET"]}}],"collection":[{"href":"https:\/\/webs.uab.cat\/cdeanuncis\/wp-json\/wp\/v2\/posts"}],"about":[{"href":"https:\/\/webs.uab.cat\/cdeanuncis\/wp-json\/wp\/v2\/types\/post"}],"author":[{"embeddable":true,"href":"https:\/\/webs.uab.cat\/cdeanuncis\/wp-json\/wp\/v2\/users\/50"}],"replies":[{"embeddable":true,"href":"https:\/\/webs.uab.cat\/cdeanuncis\/wp-json\/wp\/v2\/comments?post=9539"}],"version-history":[{"count":1,"href":"https:\/\/webs.uab.cat\/cdeanuncis\/wp-json\/wp\/v2\/posts\/9539\/revisions"}],"predecessor-version":[{"id":23016,"href":"https:\/\/webs.uab.cat\/cdeanuncis\/wp-json\/wp\/v2\/posts\/9539\/revisions\/23016"}],"wp:featuredmedia":[{"embeddable":true,"href":"https:\/\/webs.uab.cat\/cdeanuncis\/wp-json\/wp\/v2\/media\/9540"}],"wp:attachment":[{"href":"https:\/\/webs.uab.cat\/cdeanuncis\/wp-json\/wp\/v2\/media?parent=9539"}],"wp:term":[{"taxonomy":"category","embeddable":true,"href":"https:\/\/webs.uab.cat\/cdeanuncis\/wp-json\/wp\/v2\/categories?post=9539"},{"taxonomy":"post_tag","embeddable":true,"href":"https:\/\/webs.uab.cat\/cdeanuncis\/wp-json\/wp\/v2\/tags?post=9539"}],"curies":[{"name":"wp","href":"https:\/\/api.w.org\/{rel}","templated":true}]}}