{"id":9867,"date":"2018-06-12T15:06:12","date_gmt":"2018-06-12T14:06:12","guid":{"rendered":"http:\/\/blogs.uab.cat\/cdeanuncis\/?p=9867"},"modified":"2025-05-24T09:44:09","modified_gmt":"2025-05-24T07:44:09","slug":"taller-sobre-la-ue-para-docents-deducacio-secundaria","status":"publish","type":"post","link":"https:\/\/webs.uab.cat\/cdeanuncis\/2018\/06\/12\/taller-sobre-la-ue-para-docents-deducacio-secundaria\/","title":{"rendered":"Taller sobre la UE per a docents d\u2019educaci\u00f3 secund\u00e0ria (2a ed.)"},"content":{"rendered":"<p style=\"text-align: justify\">La <a href=\"https:\/\/www.upf.edu\/web\/e-noticies\/recerca_upf?p_p_id=101&amp;p_p_lifecycle=0&amp;p_p_state=maximized&amp;_101_struts_action=%2Fasset_publisher%2Fview_content&amp;_101_redirect=%2Fweb%2Fe-noticies%2Frecerca_upf%2F-%2Fasset_publisher%2F8EYbnGNU3js6%2Fcontent%2Fid%2F143546745%2Fmaximized&amp;_101_assetEntryId=3128418&amp;_101_type=content&amp;_101_groupId=10193&amp;_101_urlTitle=una-catedra-acosta-els-processos-de-governanca-de-la-unio-europea-a-la-universitat&amp;redirect=%2Fweb%2Fe-noticies%2Frecerca_upf%2F-%2Fasset_publisher%2F8EYbnGNU3js6%2Fcontent%2Fid%2F143546745%2Fmaximized&amp;inheritRedirect=true#.Wx57wdX-jcs\">C\u00e0tedra Jean Monnet sobre Governan\u00e7a a la Uni\u00f3 Europea<\/a> de la Universitat Pompeu Fabra organitza la<strong> 2a edici\u00f3 del Taller sobre la UE per a docents d\u2019educaci\u00f3 secund\u00e0ria<\/strong>.<\/p>\n<p style=\"text-align: justify\">Per a aquest any, el tema escollit \u00e9s el futur de la UE amb vistes a les properes eleccions al Parlament Europeu de maig de 2019.<\/p>\n<p style=\"text-align: justify\">El taller vol introduir, de manera participativa i din\u00e0mica, els principals aspectes del funcionament de la presa de decisions en la UE.<\/p>\n<p style=\"text-align: justify\"><strong>Responsable:\u00a0<\/strong>Dr. Andrea Noferini<b>,\u00a0<\/b>professor de Ci\u00e8ncia Pol\u00edtica (UAB i UPF)<\/p>\n<p style=\"text-align: justify\"><strong>Col\u00b7labora:\u00a0<\/strong>Sra. Concepci\u00f3 Mu\u00f1oz,\u00a0documentalista del Centre de Documentaci\u00f3 Europea UAB<\/p>\n<p style=\"text-align: justify\"><strong>Data:\u00a0<\/strong>4 de juliol de 2018,\u00a0de 15 a 19 h.<\/p>\n<p style=\"text-align: justify\"><strong>Lloc:\u00a0<\/strong><a href=\"https:\/\/www.upf.edu\/web\/campus\" target=\"_blank\" rel=\"noopener noreferrer\">UPF &#8211; Campus Ciutadella,<\/a>\u00a0Aula 20.283\u00a0 (Ramon Trias Fargas, 27-25, Barcelona)<\/p>\n<p style=\"text-align: justify\"><strong>Gratu\u00eft<\/strong><\/p>\n<p style=\"text-align: justify\"><strong>Certificat d&#8217;assist\u00e8ncia<\/strong><\/p>\n<p style=\"text-align: justify\"><strong>Registre:\u00a0<\/strong><a href=\"mailto:mercedes.garcia@upf.edu\">mercedes.garcia@upf.edu<\/a><\/p>\n<p style=\"text-align: justify\"><strong>M\u00e9s informaci\u00f3:\u00a0<\/strong><a href=\"mailto:andrea.noferini@upf.edu\">andrea.noferini@upf.edu<\/a><\/p>\n","protected":false},"excerpt":{"rendered":"<p>La C\u00e0tedra Jean Monnet sobre Governan\u00e7a a la Uni\u00f3 Europea de la Universitat Pompeu Fabra organitza la 2a edici\u00f3 del Taller sobre la UE per a docents d\u2019educaci\u00f3 secund\u00e0ria. Per a aquest any, el tema escollit \u00e9s el futur de la UE amb vistes a les properes eleccions al Parlament Europeu de maig de 2019. [&hellip;]<\/p>\n","protected":false},"author":50,"featured_media":0,"comment_status":"closed","ping_status":"closed","sticky":false,"template":"","format":"standard","meta":{"footnotes":""},"categories":[9,14],"tags":[120],"class_list":["post-9867","post","type-post","status-publish","format-standard","hentry","category-conferencies-cursos-tallers-seminaris","category-escoles-instituts","tag-baces-2"],"_links":{"self":[{"href":"https:\/\/webs.uab.cat\/cdeanuncis\/wp-json\/wp\/v2\/posts\/9867","targetHints":{"allow":["GET"]}}],"collection":[{"href":"https:\/\/webs.uab.cat\/cdeanuncis\/wp-json\/wp\/v2\/posts"}],"about":[{"href":"https:\/\/webs.uab.cat\/cdeanuncis\/wp-json\/wp\/v2\/types\/post"}],"author":[{"embeddable":true,"href":"https:\/\/webs.uab.cat\/cdeanuncis\/wp-json\/wp\/v2\/users\/50"}],"replies":[{"embeddable":true,"href":"https:\/\/webs.uab.cat\/cdeanuncis\/wp-json\/wp\/v2\/comments?post=9867"}],"version-history":[{"count":1,"href":"https:\/\/webs.uab.cat\/cdeanuncis\/wp-json\/wp\/v2\/posts\/9867\/revisions"}],"predecessor-version":[{"id":23014,"href":"https:\/\/webs.uab.cat\/cdeanuncis\/wp-json\/wp\/v2\/posts\/9867\/revisions\/23014"}],"wp:attachment":[{"href":"https:\/\/webs.uab.cat\/cdeanuncis\/wp-json\/wp\/v2\/media?parent=9867"}],"wp:term":[{"taxonomy":"category","embeddable":true,"href":"https:\/\/webs.uab.cat\/cdeanuncis\/wp-json\/wp\/v2\/categories?post=9867"},{"taxonomy":"post_tag","embeddable":true,"href":"https:\/\/webs.uab.cat\/cdeanuncis\/wp-json\/wp\/v2\/tags?post=9867"}],"curies":[{"name":"wp","href":"https:\/\/api.w.org\/{rel}","templated":true}]}}