{"id":4259,"date":"2021-03-14T09:06:42","date_gmt":"2021-03-14T09:06:42","guid":{"rendered":"https:\/\/webs.uab.cat\/centrodelinguaportuguesacamoes\/2021\/03\/14\/apresentacao-mi-hermano-afonso-reis-cabral\/"},"modified":"2023-06-01T15:00:54","modified_gmt":"2023-06-01T15:00:54","slug":"presentacio-mi-hermano-afonso-reis-cabral","status":"publish","type":"post","link":"https:\/\/webs.uab.cat\/centrodelinguaportuguesacamoes\/ca\/2021\/03\/14\/presentacio-mi-hermano-afonso-reis-cabral\/","title":{"rendered":"Presentaci\u00f3 del llibre \u00abMi hermano\u00bb, de Afonso Reis Cabral"},"content":{"rendered":"\n<div class=\"wp-block-columns is-layout-flex wp-container-core-columns-is-layout-8f761849 wp-block-columns-is-layout-flex\">\n<div class=\"wp-block-column is-layout-flow wp-block-column-is-layout-flow\" style=\"flex-basis:33.33%\">\n<figure class=\"wp-block-image size-full\"><img loading=\"lazy\" decoding=\"async\" width=\"416\" height=\"657\" src=\"https:\/\/webs.uab.cat\/centrodelinguaportuguesacamoes\/wp-content\/uploads\/sites\/212\/2023\/03\/image-5.png\" alt=\"\" class=\"wp-image-1389\" srcset=\"https:\/\/webs.uab.cat\/centrodelinguaportuguesacamoes\/wp-content\/uploads\/sites\/212\/2023\/03\/image-5.png 416w, https:\/\/webs.uab.cat\/centrodelinguaportuguesacamoes\/wp-content\/uploads\/sites\/212\/2023\/03\/image-5-190x300.png 190w\" sizes=\"auto, (max-width: 416px) 100vw, 416px\" \/><\/figure>\n<\/div>\n\n\n\n<div class=\"wp-block-column is-layout-flow wp-block-column-is-layout-flow\" style=\"flex-basis:66.66%\">\n<p class=\"wp-block-paragraph\">Tenim el plaer d&#8217;anunciar que l&#8217;escriptor portugu\u00e8s <a rel=\"noreferrer noopener\" href=\"https:\/\/www.acantilado.es\/persona\/afonso-reis-cabral\/\" target=\"_blank\">Afonso Reis Cabral<\/a> vindr\u00e0 a Barcelona, per presentar la traducci\u00f3 al castell\u00e0 de la seva novel\u00b7la <em><a rel=\"noreferrer noopener\" href=\"https:\/\/www.acantilado.es\/catalogo\/mi-hermano\/\" target=\"_blank\">O Meu Irm\u00e3o<\/a><\/em> (Mi hermano). La trobada &#8211; possible gr\u00e0cies a l&#8217;editorial Acantilado, el CLP Barcelona i el consulat general Portugal &#8211; es far\u00e0 el proper <strong>4 de maig de 2021<\/strong>, a les <strong>19h<\/strong>, a la <strong><a rel=\"noreferrer noopener\" href=\"https:\/\/llibreriabyron.com\/es\/libreria\/\" target=\"_blank\">Llibreria Byron<\/a> <\/strong>de Barcelona i consistir\u00e0 en  una conversa entre l&#8217;autor, Isabel Soler (la traductora) i Sandra Ollo (editora de Acantilado).<\/p>\n\n\n\n<p class=\"wp-block-paragraph\">Les places s\u00f3n limitades i cal fer una reserva pr\u00e8via: info@llibreriabyron.com<\/p>\n\n\n\n<p class=\"wp-block-paragraph\"><a rel=\"noreferrer noopener\" href=\"https:\/\/www.acantilado.es\/evento\/presentacion-de-mi-hermano-de-afonso-reis-cabral-en-barcelona\/\" target=\"_blank\">M\u00e9s informaci\u00f3<\/a><\/p>\n<\/div>\n<\/div>\n\n\n\n<p class=\"has-text-align-right wp-block-paragraph\">14-03-2021<\/p>\n","protected":false},"excerpt":{"rendered":"<p>Tenim el plaer d&#8217;anunciar que l&#8217;escriptor portugu\u00e8s Afonso Reis Cabral vindr\u00e0 a Barcelona, per presentar la traducci\u00f3 al castell\u00e0 de la seva novel\u00b7la O Meu Irm\u00e3o (Mi hermano). La trobada &#8211; possible gr\u00e0cies a l&#8217;editorial Acantilado, el CLP Barcelona i el consulat general Portugal &#8211; es far\u00e0 el proper 4 de maig de 2021, a [&hellip;]<\/p>\n","protected":false},"author":2319,"featured_media":0,"comment_status":"closed","ping_status":"closed","sticky":false,"template":"","format":"standard","meta":{"footnotes":""},"categories":[27],"tags":[],"class_list":["post-4259","post","type-post","status-publish","format-standard","hentry","category-noticias"],"_links":{"self":[{"href":"https:\/\/webs.uab.cat\/centrodelinguaportuguesacamoes\/ca\/wp-json\/wp\/v2\/posts\/4259","targetHints":{"allow":["GET"]}}],"collection":[{"href":"https:\/\/webs.uab.cat\/centrodelinguaportuguesacamoes\/ca\/wp-json\/wp\/v2\/posts"}],"about":[{"href":"https:\/\/webs.uab.cat\/centrodelinguaportuguesacamoes\/ca\/wp-json\/wp\/v2\/types\/post"}],"author":[{"embeddable":true,"href":"https:\/\/webs.uab.cat\/centrodelinguaportuguesacamoes\/ca\/wp-json\/wp\/v2\/users\/2319"}],"replies":[{"embeddable":true,"href":"https:\/\/webs.uab.cat\/centrodelinguaportuguesacamoes\/ca\/wp-json\/wp\/v2\/comments?post=4259"}],"version-history":[{"count":1,"href":"https:\/\/webs.uab.cat\/centrodelinguaportuguesacamoes\/ca\/wp-json\/wp\/v2\/posts\/4259\/revisions"}],"predecessor-version":[{"id":4262,"href":"https:\/\/webs.uab.cat\/centrodelinguaportuguesacamoes\/ca\/wp-json\/wp\/v2\/posts\/4259\/revisions\/4262"}],"wp:attachment":[{"href":"https:\/\/webs.uab.cat\/centrodelinguaportuguesacamoes\/ca\/wp-json\/wp\/v2\/media?parent=4259"}],"wp:term":[{"taxonomy":"category","embeddable":true,"href":"https:\/\/webs.uab.cat\/centrodelinguaportuguesacamoes\/ca\/wp-json\/wp\/v2\/categories?post=4259"},{"taxonomy":"post_tag","embeddable":true,"href":"https:\/\/webs.uab.cat\/centrodelinguaportuguesacamoes\/ca\/wp-json\/wp\/v2\/tags?post=4259"}],"curies":[{"name":"wp","href":"https:\/\/api.w.org\/{rel}","templated":true}]}}