{"id":4562,"date":"2017-05-18T08:49:00","date_gmt":"2017-05-18T08:49:00","guid":{"rendered":"https:\/\/webs.uab.cat\/centrodelinguaportuguesacamoes\/2017\/05\/18\/exposicao-me-and-someone-else\/"},"modified":"2023-06-01T15:44:40","modified_gmt":"2023-06-01T15:44:40","slug":"exposicio-me-and-someone-else","status":"publish","type":"post","link":"https:\/\/webs.uab.cat\/centrodelinguaportuguesacamoes\/ca\/2017\/05\/18\/exposicio-me-and-someone-else\/","title":{"rendered":"Exposici\u00f3 \u00abMe and someone else\u00bb"},"content":{"rendered":"\n<p class=\"wp-block-paragraph\">Ricardo Leal va n\u00e9ixer el 1983 a Porto (Portugal) i des de ben petit es va enamorar de les arts. Va seguir la carrera de fotografia i es va formar a l&#8217;Escola Superior Art\u00edstica de Porto.<\/p>\n\n\n\n<p class=\"wp-block-paragraph\">El proper <strong>22 de maig de 2017<\/strong> l&#8217;artista compartir\u00e0 el seu \u00faltim treball de fotografia\/art digital al <strong>club Guzzo de Barcelona<\/strong>, situat a la Pla\u00e7a Comercial, n\u00famero 10. En aquest treball, que porta com a t\u00edtol \u00abMe and someone else\u00bb, ha&nbsp;combinat un autoretrat amb el d&#8217;altres persones per crear en cadascun una \u201cnova persona\u201d. El resultat son les imatges curioses i divertides que podreu contemplar a l&#8217;exposici\u00f3.<\/p>\n\n\n\n<p class=\"wp-block-paragraph\">M\u00e9s informaci\u00f3 a:&nbsp;<a rel=\"noopener\" href=\"https:\/\/www.facebook.com\/events\/694378720747589\/?active_tab=about\" target=\"_blank\">https:\/\/www.facebook.com\/events\/694378720747589\/?active_tab=about<\/a><\/p>\n\n\n<div class=\"wp-block-image\">\n<figure class=\"aligncenter is-resized\"><img loading=\"lazy\" decoding=\"async\" src=\"https:\/\/webs.uab.cat\/centrodelinguaportuguesacamoes\/wp-content\/uploads\/sites\/212\/2017\/05\/guzzo_0.jpg\" alt=\"guzzo_0.jpg\" class=\"wp-image-690\" width=\"360\" height=\"180\" srcset=\"https:\/\/webs.uab.cat\/centrodelinguaportuguesacamoes\/wp-content\/uploads\/sites\/212\/2017\/05\/guzzo_0.jpg 500w, https:\/\/webs.uab.cat\/centrodelinguaportuguesacamoes\/wp-content\/uploads\/sites\/212\/2017\/05\/guzzo_0-300x150.jpg 300w\" sizes=\"auto, (max-width: 360px) 100vw, 360px\" \/><\/figure>\n<\/div>\n\n\n<p class=\"wp-block-paragraph\"><\/p>\n\n\n\n<p class=\"has-text-align-right wp-block-paragraph\">18-05-2017<\/p>\n","protected":false},"excerpt":{"rendered":"<p>Ricardo Leal va n\u00e9ixer el 1983 a Porto (Portugal) i des de ben petit es va enamorar de les arts. Va seguir la carrera de fotografia i es va formar a l&#8217;Escola Superior Art\u00edstica de Porto. El proper 22 de maig de 2017 l&#8217;artista compartir\u00e0 el seu \u00faltim treball de fotografia\/art digital al club Guzzo [&hellip;]<\/p>\n","protected":false},"author":2319,"featured_media":0,"comment_status":"closed","ping_status":"closed","sticky":false,"template":"","format":"standard","meta":{"footnotes":""},"categories":[27,32],"tags":[],"class_list":["post-4562","post","type-post","status-publish","format-standard","hentry","category-noticias"],"_links":{"self":[{"href":"https:\/\/webs.uab.cat\/centrodelinguaportuguesacamoes\/ca\/wp-json\/wp\/v2\/posts\/4562","targetHints":{"allow":["GET"]}}],"collection":[{"href":"https:\/\/webs.uab.cat\/centrodelinguaportuguesacamoes\/ca\/wp-json\/wp\/v2\/posts"}],"about":[{"href":"https:\/\/webs.uab.cat\/centrodelinguaportuguesacamoes\/ca\/wp-json\/wp\/v2\/types\/post"}],"author":[{"embeddable":true,"href":"https:\/\/webs.uab.cat\/centrodelinguaportuguesacamoes\/ca\/wp-json\/wp\/v2\/users\/2319"}],"replies":[{"embeddable":true,"href":"https:\/\/webs.uab.cat\/centrodelinguaportuguesacamoes\/ca\/wp-json\/wp\/v2\/comments?post=4562"}],"version-history":[{"count":2,"href":"https:\/\/webs.uab.cat\/centrodelinguaportuguesacamoes\/ca\/wp-json\/wp\/v2\/posts\/4562\/revisions"}],"predecessor-version":[{"id":4569,"href":"https:\/\/webs.uab.cat\/centrodelinguaportuguesacamoes\/ca\/wp-json\/wp\/v2\/posts\/4562\/revisions\/4569"}],"wp:attachment":[{"href":"https:\/\/webs.uab.cat\/centrodelinguaportuguesacamoes\/ca\/wp-json\/wp\/v2\/media?parent=4562"}],"wp:term":[{"taxonomy":"category","embeddable":true,"href":"https:\/\/webs.uab.cat\/centrodelinguaportuguesacamoes\/ca\/wp-json\/wp\/v2\/categories?post=4562"},{"taxonomy":"post_tag","embeddable":true,"href":"https:\/\/webs.uab.cat\/centrodelinguaportuguesacamoes\/ca\/wp-json\/wp\/v2\/tags?post=4562"}],"curies":[{"name":"wp","href":"https:\/\/api.w.org\/{rel}","templated":true}]}}