{"id":4591,"date":"2017-04-25T10:10:00","date_gmt":"2017-04-25T10:10:00","guid":{"rendered":"https:\/\/webs.uab.cat\/centrodelinguaportuguesacamoes\/2017\/04\/25\/cursos-lingua-2016-2017-verao\/"},"modified":"2023-06-01T16:01:30","modified_gmt":"2023-06-01T16:01:30","slug":"cursos-llengua-2016-2017-estiu","status":"publish","type":"post","link":"https:\/\/webs.uab.cat\/centrodelinguaportuguesacamoes\/ca\/2017\/04\/25\/cursos-llengua-2016-2017-estiu\/","title":{"rendered":"Cursos intensius de llengua portuguesa 2016-2017 (estiu)"},"content":{"rendered":"\n<p class=\"has-text-align-center\">Inscriviu-vos en aquest <strong><a href=\"https:\/\/goo.gl\/forms\/uzebuky4Rm24263i1\" data-type=\"URL\" data-id=\"https:\/\/goo.gl\/forms\/uzebuky4Rm24263i1\">FORMULARI<\/a><\/strong><\/p>\n\n\n\n<div class=\"wp-block-columns is-layout-flex wp-container-core-columns-is-layout-9d6595d7 wp-block-columns-is-layout-flex\">\n<div class=\"wp-block-column is-layout-flow wp-block-column-is-layout-flow\" style=\"flex-basis:25%\"><\/div>\n\n\n\n<div class=\"wp-block-column is-layout-flow wp-block-column-is-layout-flow\" style=\"flex-basis:50%\">\n<figure class=\"wp-block-image is-resized\"><img loading=\"lazy\" decoding=\"async\" src=\"https:\/\/webs.uab.cat\/centrodelinguaportuguesacamoes\/wp-content\/uploads\/sites\/212\/2017\/04\/cartell_estiu_bo.png\" alt=\"cartell_estiu_bo.png\" class=\"wp-image-594\" width=\"354\" height=\"501\" srcset=\"https:\/\/webs.uab.cat\/centrodelinguaportuguesacamoes\/wp-content\/uploads\/sites\/212\/2017\/04\/cartell_estiu_bo.png 794w, https:\/\/webs.uab.cat\/centrodelinguaportuguesacamoes\/wp-content\/uploads\/sites\/212\/2017\/04\/cartell_estiu_bo-212x300.png 212w, https:\/\/webs.uab.cat\/centrodelinguaportuguesacamoes\/wp-content\/uploads\/sites\/212\/2017\/04\/cartell_estiu_bo-724x1024.png 724w, https:\/\/webs.uab.cat\/centrodelinguaportuguesacamoes\/wp-content\/uploads\/sites\/212\/2017\/04\/cartell_estiu_bo-768x1086.png 768w\" sizes=\"auto, (max-width: 354px) 100vw, 354px\" \/><\/figure>\n<\/div>\n\n\n\n<div class=\"wp-block-column is-layout-flow wp-block-column-is-layout-flow\" style=\"flex-basis:25%\"><\/div>\n<\/div>\n\n\n\n<p><b><u>Del 13 de juny al 17 de juliol de 2017<\/u><\/b><\/p>\n\n\n\n<p>El per\u00edode de preinscripcions als cursos intensius de llengua portuguesa estar\u00e0 obert fins l&#8217;<strong>1&nbsp;de juny de 2017<\/strong>.<\/p>\n\n\n\n<h2 class=\"wp-block-heading\">NIVELLS<\/h2>\n\n\n\n<p>Inicial 1 (A1)<br>Inicial 2 (A2)<\/p>\n\n\n\n<p>(Per m\u00e9s informaci\u00f3 sobre els <em>Nivells Comuns de Refer\u00e8ncia<\/em>:&nbsp;<a rel=\"noopener\" href=\"http:\/\/cvc.instituto-camoes.pt\/fichaspraticas\/formulario\/quadro_niveiscomuns.html\" target=\"_blank\">aqu\u00ed<\/a>)<\/p>\n\n\n\n<h2 class=\"wp-block-heading\">HORARIS I PREU<\/h2>\n\n\n\n<ul class=\"wp-block-list\"><li><strong>Inicial 1 (A1)<\/strong><ul><li>De dilluns a dijous, de 17h a 19h<\/li><li>Del 13 de juny de 2017 al 17 de juliol de 2017<\/li><li>200 \u20ac<\/li><\/ul><\/li><\/ul>\n\n\n\n<ul class=\"wp-block-list\"><li><strong>Inicial 2 (A2)<\/strong><ul><li>De dilluns a dijous, de 17h a 19h<\/li><\/ul><ul><li>Del 13 de juny de 2017 al 17 de juliol de 2017<\/li><li>200 \u20ac<\/li><\/ul><\/li><\/ul>\n\n\n\n<h2 class=\"wp-block-heading\">LLOC<\/h2>\n\n\n\n<p><strong>Consulat general de Portugal a Barcelona<br><\/strong>(Ronda de Sant Pere, n\u00fam. 7, Barcelona)<\/p>\n\n\n\n<p><\/p>\n\n\n\n<p class=\"has-text-align-right\">25-04-2017<\/p>\n\n\n\n<hr class=\"wp-block-separator has-alpha-channel-opacity\" \/>\n\n\n\n<p>Volem donar la benvinguda als nous alumnes que assisteixen als cursos intensius de portugu\u00e8s, al Consulat general de Portugal a Barcelona, del 13 de juny al 17 de juliol de 2017.<\/p>\n\n\n\n<p>Agra\u00efm el vostre inter\u00e8s i participaci\u00f3!<\/p>\n\n\n\n<div class=\"wp-block-columns is-layout-flex wp-container-core-columns-is-layout-9d6595d7 wp-block-columns-is-layout-flex\">\n<div class=\"wp-block-column is-layout-flow wp-block-column-is-layout-flow\">\n<figure class=\"wp-block-image\"><img loading=\"lazy\" decoding=\"async\" width=\"500\" height=\"375\" src=\"https:\/\/webs.uab.cat\/centrodelinguaportuguesacamoes\/wp-content\/uploads\/sites\/212\/2017\/06\/img_2152_2_0.jpg\" alt=\"img_2152_2_0.jpg\" class=\"wp-image-698\" srcset=\"https:\/\/webs.uab.cat\/centrodelinguaportuguesacamoes\/wp-content\/uploads\/sites\/212\/2017\/06\/img_2152_2_0.jpg 500w, https:\/\/webs.uab.cat\/centrodelinguaportuguesacamoes\/wp-content\/uploads\/sites\/212\/2017\/06\/img_2152_2_0-300x225.jpg 300w\" sizes=\"auto, (max-width: 500px) 100vw, 500px\" \/><\/figure>\n<\/div>\n\n\n\n<div class=\"wp-block-column is-layout-flow wp-block-column-is-layout-flow\">\n<figure class=\"wp-block-image\"><img loading=\"lazy\" decoding=\"async\" width=\"500\" height=\"375\" src=\"https:\/\/webs.uab.cat\/centrodelinguaportuguesacamoes\/wp-content\/uploads\/sites\/212\/2017\/06\/img_2193_2_0.jpg\" alt=\"img_2193_2_0.jpg\" class=\"wp-image-700\" srcset=\"https:\/\/webs.uab.cat\/centrodelinguaportuguesacamoes\/wp-content\/uploads\/sites\/212\/2017\/06\/img_2193_2_0.jpg 500w, https:\/\/webs.uab.cat\/centrodelinguaportuguesacamoes\/wp-content\/uploads\/sites\/212\/2017\/06\/img_2193_2_0-300x225.jpg 300w\" sizes=\"auto, (max-width: 500px) 100vw, 500px\" \/><\/figure>\n\n\n\n<p><\/p>\n\n\n\n<p class=\"has-text-align-right\">27-06-2017<\/p>\n<\/div>\n<\/div>\n","protected":false},"excerpt":{"rendered":"<p>Inscriviu-vos en aquest FORMULARI Del 13 de juny al 17 de juliol de 2017 El per\u00edode de preinscripcions als cursos intensius de llengua portuguesa estar\u00e0 obert fins l&#8217;1&nbsp;de juny de 2017. NIVELLS Inicial 1 (A1)Inicial 2 (A2) (Per m\u00e9s informaci\u00f3 sobre els Nivells Comuns de Refer\u00e8ncia:&nbsp;aqu\u00ed) HORARIS I PREU Inicial 1 (A1) De dilluns a [&hellip;]<\/p>\n","protected":false},"author":2319,"featured_media":0,"comment_status":"closed","ping_status":"closed","sticky":false,"template":"","format":"standard","meta":{"footnotes":""},"categories":[29,35],"tags":[],"class_list":["post-4591","post","type-post","status-publish","format-standard","hentry","category-cursos","category-cursos-es"],"_links":{"self":[{"href":"https:\/\/webs.uab.cat\/centrodelinguaportuguesacamoes\/ca\/wp-json\/wp\/v2\/posts\/4591","targetHints":{"allow":["GET"]}}],"collection":[{"href":"https:\/\/webs.uab.cat\/centrodelinguaportuguesacamoes\/ca\/wp-json\/wp\/v2\/posts"}],"about":[{"href":"https:\/\/webs.uab.cat\/centrodelinguaportuguesacamoes\/ca\/wp-json\/wp\/v2\/types\/post"}],"author":[{"embeddable":true,"href":"https:\/\/webs.uab.cat\/centrodelinguaportuguesacamoes\/ca\/wp-json\/wp\/v2\/users\/2319"}],"replies":[{"embeddable":true,"href":"https:\/\/webs.uab.cat\/centrodelinguaportuguesacamoes\/ca\/wp-json\/wp\/v2\/comments?post=4591"}],"version-history":[{"count":5,"href":"https:\/\/webs.uab.cat\/centrodelinguaportuguesacamoes\/ca\/wp-json\/wp\/v2\/posts\/4591\/revisions"}],"predecessor-version":[{"id":4603,"href":"https:\/\/webs.uab.cat\/centrodelinguaportuguesacamoes\/ca\/wp-json\/wp\/v2\/posts\/4591\/revisions\/4603"}],"wp:attachment":[{"href":"https:\/\/webs.uab.cat\/centrodelinguaportuguesacamoes\/ca\/wp-json\/wp\/v2\/media?parent=4591"}],"wp:term":[{"taxonomy":"category","embeddable":true,"href":"https:\/\/webs.uab.cat\/centrodelinguaportuguesacamoes\/ca\/wp-json\/wp\/v2\/categories?post=4591"},{"taxonomy":"post_tag","embeddable":true,"href":"https:\/\/webs.uab.cat\/centrodelinguaportuguesacamoes\/ca\/wp-json\/wp\/v2\/tags?post=4591"}],"curies":[{"name":"wp","href":"https:\/\/api.w.org\/{rel}","templated":true}]}}