{"id":4718,"date":"2017-03-13T09:05:00","date_gmt":"2017-03-13T09:05:00","guid":{"rendered":"https:\/\/webs.uab.cat\/centrodelinguaportuguesacamoes\/2017\/03\/13\/guitar-bcn-2017-dulce-pontes\/"},"modified":"2023-05-25T08:22:06","modified_gmt":"2023-05-25T08:22:06","slug":"guitar-bcn-2017-dulce-pontes","status":"publish","type":"post","link":"https:\/\/webs.uab.cat\/centrodelinguaportuguesacamoes\/ca\/2017\/03\/13\/guitar-bcn-2017-dulce-pontes\/","title":{"rendered":"Guitar BCN 2017. Dulce Pontes"},"content":{"rendered":"\n<p class=\"wp-block-paragraph\">Com una for\u00e7a de la naturalesa, Dulce Pontes aconsegueix elevar el folklore del seu pa\u00eds a alt\u00edssimes quotes d&#8217;emoci\u00f3 gr\u00e0cies a una veu portentosa i arrebatadora com n&#8217;hi ha poques. A aquestes al\u00e7ades, no \u00e9s cap secret que la de Montijo \u00e9s una de les veus m\u00e9s importants sorgides de Portugal i que torni amb un nou projectes despr\u00e9s de sis anys de silenci no \u00e9s m\u00e9s que una not\u00edcia excel\u00b7lent: la presentaci\u00f3 al Palau de la M\u00fasica del nou disc,&nbsp;<em>Peregrinatge<\/em>, \u00e9s una magn\u00edfica oportunitat per viure en directe la m\u00e0gia d&#8217;una de les principals renovadores i ambaixadore al m\u00f3n de la m\u00fasica popular lusa. Tendre, dram\u00e0tica, volc\u00e0nica&#8230; La versatilitat de Pontes no t\u00e9 l\u00edmits i la pell de gallina est\u00e0 assegurada.<\/p>\n\n\n\n<div class=\"wp-block-group\"><div class=\"wp-block-group__inner-container is-layout-flow wp-block-group-is-layout-flow\">\n<p class=\"wp-block-paragraph\">Dulce Pontes, veu i piano<\/p>\n\n\n\n<p class=\"wp-block-paragraph\">Juan Carlos Cambas, piano<\/p>\n\n\n\n<p class=\"wp-block-paragraph\">Paulo Lima Da Silva, percussi\u00f3<\/p>\n\n\n\n<p class=\"wp-block-paragraph\">Davide Zaccaria, violoncel<\/p>\n\n\n\n<p class=\"wp-block-paragraph\">Amadeu Magalhaes, gaita, flauta,&nbsp;<em>cavaquinho<\/em><\/p>\n\n\n\n<p class=\"wp-block-paragraph\">Marta Pereira Da Costa, guitarra portuguesa<\/p>\n<\/div><\/div>\n\n\n\n<hr class=\"wp-block-separator has-alpha-channel-opacity\" \/>\n\n\n\n<p class=\"wp-block-paragraph\"><strong>Data: <\/strong>Divendres, 31 de mar\u00e7<\/p>\n\n\n\n<p class=\"wp-block-paragraph\"><strong>Lloc:<\/strong>&nbsp;Palau de la M\u00fasica Catalana<\/p>\n\n\n\n<p class=\"wp-block-paragraph\"><strong>Hora:<\/strong>&nbsp;21.30 h<\/p>\n\n\n\n<p class=\"wp-block-paragraph\"><strong>Preu:<\/strong>&nbsp;Des de 18 \u20ac<\/p>\n\n\n\n<p class=\"wp-block-paragraph\">Per a m\u00e9s informaci\u00f3, podeu consultar la p\u00e0gina web del festival: <a rel=\"noreferrer noopener\" href=\"http:\/\/www.guitarbcn.com\/es\/c-2422\/DULCE-PONTES\" target=\"_blank\">http:\/\/www.guitarbcn.com\/es\/c-2422\/DULCE-PONTES<\/a><\/p>\n\n\n\n<p class=\"wp-block-paragraph\"><\/p>\n\n\n\n<p class=\"has-text-align-right wp-block-paragraph\">13-03-2017<\/p>\n","protected":false},"excerpt":{"rendered":"<p>Com una for\u00e7a de la naturalesa, Dulce Pontes aconsegueix elevar el folklore del seu pa\u00eds a alt\u00edssimes quotes d&#8217;emoci\u00f3 gr\u00e0cies a una veu portentosa i arrebatadora com n&#8217;hi ha poques. A aquestes al\u00e7ades, no \u00e9s cap secret que la de Montijo \u00e9s una de les veus m\u00e9s importants sorgides de Portugal i que torni amb [&hellip;]<\/p>\n","protected":false},"author":2319,"featured_media":0,"comment_status":"closed","ping_status":"closed","sticky":false,"template":"","format":"standard","meta":{"footnotes":""},"categories":[27,32],"tags":[],"class_list":["post-4718","post","type-post","status-publish","format-standard","hentry","category-noticias"],"_links":{"self":[{"href":"https:\/\/webs.uab.cat\/centrodelinguaportuguesacamoes\/ca\/wp-json\/wp\/v2\/posts\/4718","targetHints":{"allow":["GET"]}}],"collection":[{"href":"https:\/\/webs.uab.cat\/centrodelinguaportuguesacamoes\/ca\/wp-json\/wp\/v2\/posts"}],"about":[{"href":"https:\/\/webs.uab.cat\/centrodelinguaportuguesacamoes\/ca\/wp-json\/wp\/v2\/types\/post"}],"author":[{"embeddable":true,"href":"https:\/\/webs.uab.cat\/centrodelinguaportuguesacamoes\/ca\/wp-json\/wp\/v2\/users\/2319"}],"replies":[{"embeddable":true,"href":"https:\/\/webs.uab.cat\/centrodelinguaportuguesacamoes\/ca\/wp-json\/wp\/v2\/comments?post=4718"}],"version-history":[{"count":2,"href":"https:\/\/webs.uab.cat\/centrodelinguaportuguesacamoes\/ca\/wp-json\/wp\/v2\/posts\/4718\/revisions"}],"predecessor-version":[{"id":4724,"href":"https:\/\/webs.uab.cat\/centrodelinguaportuguesacamoes\/ca\/wp-json\/wp\/v2\/posts\/4718\/revisions\/4724"}],"wp:attachment":[{"href":"https:\/\/webs.uab.cat\/centrodelinguaportuguesacamoes\/ca\/wp-json\/wp\/v2\/media?parent=4718"}],"wp:term":[{"taxonomy":"category","embeddable":true,"href":"https:\/\/webs.uab.cat\/centrodelinguaportuguesacamoes\/ca\/wp-json\/wp\/v2\/categories?post=4718"},{"taxonomy":"post_tag","embeddable":true,"href":"https:\/\/webs.uab.cat\/centrodelinguaportuguesacamoes\/ca\/wp-json\/wp\/v2\/tags?post=4718"}],"curies":[{"name":"wp","href":"https:\/\/api.w.org\/{rel}","templated":true}]}}