{"id":4760,"date":"2017-02-21T11:45:11","date_gmt":"2017-02-21T11:45:11","guid":{"rendered":"https:\/\/webs.uab.cat\/centrodelinguaportuguesacamoes\/2017\/02\/21\/candidaturas-abertas-ao-premio-eduardo-lourenco-2017\/"},"modified":"2023-05-29T13:12:18","modified_gmt":"2023-05-29T13:12:18","slug":"candidaturas-abertas-ao-premio-eduardo-lourenco-2017","status":"publish","type":"post","link":"https:\/\/webs.uab.cat\/centrodelinguaportuguesacamoes\/ca\/2017\/02\/21\/candidaturas-abertas-ao-premio-eduardo-lourenco-2017\/","title":{"rendered":"Inscripcions obertes al Premi Eduardo Louren\u00e7o 2017"},"content":{"rendered":"\n<p>Ja estan obertes les inscripcions a la 13a edici\u00f3 del Premi Eduardo Louren\u00e7o, guard\u00f3 institu\u00eft pel Centre d&#8217;Estudis Ib\u00e8rics (CEI) destinat a premiar personalitats o institucions amb intervenci\u00f3 rellevant en l&#8217;\u00e0mbit de la cultura, ciutadania i cooperaci\u00f3 ib\u00e8riques. El Premi consisteix en una remuneraci\u00f3 de 7.500 \u20ac. Qualsevol instituci\u00f3 o persona pot enviar propostes de candidatura fins el 3 d&#8217;abril de 2017.<\/p>\n\n\n\n<p>Institu\u00eft el 2004, el Premi Eduardo Louren\u00e7o, guardona personalitats o institucions de llengua portuguesa o espanyola que hagin sigut protagonistes d&#8217;una intervenci\u00f3 rellevant i innovadora en l&#8217;\u00e0mbit de la cooperaci\u00f3 i el domini de les identitats, de les cultures i de les comunitats ib\u00e8riques.<\/p>\n\n\n\n<p>Personalitats rellevants de Portugal i Espanya a les qui es va guardonar en les edicions anteriors: Maria Helena da Rocha Pereira, professora catedr\u00e0tica de cultura grecollatina (2004); Agust\u00edn Remesal, periodista (2006); Maria Jo\u00e3o Pires, pianista (2007); \u00c1ngel Campos P\u00e1mpano, poeta (2008); Jorge Figueiredo Dias, professor catedr\u00e0tic de dret penal (2009); C\u00e9sar Ant\u00f3nio Molina, escriptor (2010); Mia Couto, escriptor (2011); Jos\u00e9 Mar\u00eda Mart\u00edn Patino, te\u00f2leg (2012); Jer\u00f3nimo Pizarro, professor i investigador (2013); Antonio S\u00e1ez Delgado, professor i investigador (2014); Agustina Bessa Lu\u00eds, escriptora (2015) i Luis Sep\u00falveda, escriptor (2016).<\/p>\n\n\n\n<p>M\u00e9s informaci\u00f3 a la <a rel=\"noopener\" href=\"http:\/\/www.cei.pt\/eduardolourenco\/premio_el_regpt.htm\" target=\"_blank\">p\u00e0gina del CEI<\/a>.<\/p>\n\n\n\n<p><\/p>\n\n\n\n<p class=\"has-text-align-right\">21-02-2017<span class=\"inline inline-left\"><span class=\"caption\" style=\"width: 298px\"><strong><span class=\"inline inline-center\"><\/span><\/strong><\/span><\/span><\/p>\n","protected":false},"excerpt":{"rendered":"<p>Ja estan obertes les inscripcions a la 13a edici\u00f3 del Premi Eduardo Louren\u00e7o, guard\u00f3 institu\u00eft pel Centre d&#8217;Estudis Ib\u00e8rics (CEI) destinat a premiar personalitats o institucions amb intervenci\u00f3 rellevant en l&#8217;\u00e0mbit de la cultura, ciutadania i cooperaci\u00f3 ib\u00e8riques. El Premi consisteix en una remuneraci\u00f3 de 7.500 \u20ac. Qualsevol instituci\u00f3 o persona pot enviar propostes de [&hellip;]<\/p>\n","protected":false},"author":20,"featured_media":0,"comment_status":"closed","ping_status":"closed","sticky":false,"template":"","format":"standard","meta":{"footnotes":""},"categories":[38],"tags":[],"class_list":["post-4760","post","type-post","status-publish","format-standard","hentry","category-premis"],"_links":{"self":[{"href":"https:\/\/webs.uab.cat\/centrodelinguaportuguesacamoes\/ca\/wp-json\/wp\/v2\/posts\/4760","targetHints":{"allow":["GET"]}}],"collection":[{"href":"https:\/\/webs.uab.cat\/centrodelinguaportuguesacamoes\/ca\/wp-json\/wp\/v2\/posts"}],"about":[{"href":"https:\/\/webs.uab.cat\/centrodelinguaportuguesacamoes\/ca\/wp-json\/wp\/v2\/types\/post"}],"author":[{"embeddable":true,"href":"https:\/\/webs.uab.cat\/centrodelinguaportuguesacamoes\/ca\/wp-json\/wp\/v2\/users\/20"}],"replies":[{"embeddable":true,"href":"https:\/\/webs.uab.cat\/centrodelinguaportuguesacamoes\/ca\/wp-json\/wp\/v2\/comments?post=4760"}],"version-history":[{"count":2,"href":"https:\/\/webs.uab.cat\/centrodelinguaportuguesacamoes\/ca\/wp-json\/wp\/v2\/posts\/4760\/revisions"}],"predecessor-version":[{"id":4764,"href":"https:\/\/webs.uab.cat\/centrodelinguaportuguesacamoes\/ca\/wp-json\/wp\/v2\/posts\/4760\/revisions\/4764"}],"wp:attachment":[{"href":"https:\/\/webs.uab.cat\/centrodelinguaportuguesacamoes\/ca\/wp-json\/wp\/v2\/media?parent=4760"}],"wp:term":[{"taxonomy":"category","embeddable":true,"href":"https:\/\/webs.uab.cat\/centrodelinguaportuguesacamoes\/ca\/wp-json\/wp\/v2\/categories?post=4760"},{"taxonomy":"post_tag","embeddable":true,"href":"https:\/\/webs.uab.cat\/centrodelinguaportuguesacamoes\/ca\/wp-json\/wp\/v2\/tags?post=4760"}],"curies":[{"name":"wp","href":"https:\/\/api.w.org\/{rel}","templated":true}]}}