{"id":4503,"date":"2017-07-12T13:52:14","date_gmt":"2017-07-12T13:52:14","guid":{"rendered":"https:\/\/webs.uab.cat\/centrodelinguaportuguesacamoes\/2017\/07\/12\/rio-de-janeiro-e-a-explosao-carioca\/"},"modified":"2023-06-01T15:37:25","modified_gmt":"2023-06-01T15:37:25","slug":"rio-janeiro-explosion-carioca","status":"publish","type":"post","link":"https:\/\/webs.uab.cat\/centrodelinguaportuguesacamoes\/es\/2017\/07\/12\/rio-janeiro-explosion-carioca\/","title":{"rendered":"Rio de Janeiro y la explosi\u00f3n carioca"},"content":{"rendered":"\n<p class=\"has-text-align-left wp-block-paragraph\">Ma\u00f1ana, <strong>13 de julio de 2017<\/strong>, el <strong>Centre C\u00edvic de Trinitat Vella<\/strong> organizar\u00e1 la actividad <em>Rio de Janeiro i l&#8217;explosi\u00f3 carioca<\/em>, que forma parte del ciclo <em>Viatges des del sof\u00e0<\/em>. A partir das <strong>20h <\/strong>se podr\u00e1 acceder libremente a la terraza del <strong>espacio Foradada<\/strong>, donde, a las 20h30, empezar\u00e1 el acto, que consistir\u00e1 en una combinaci\u00f3n de lecturas de textos de autores brasile\u00f1os en portugu\u00e9s y en espa\u00f1ol, una entrevista a un soci\u00f3logo brasile\u00f1o y una demostraci\u00f3n de capoeira, entre otras muestras de cultura brasile\u00f1a.<\/p>\n\n\n\n<p class=\"wp-block-paragraph\">Este acto contar\u00e1 con la presencia del becario del Centro de L\u00edngua Portuguesa \/ Cam\u00f5es, IP en Barcelona, Ricard Soler, que participar\u00e1 en las lecturas dramatizadas en portugu\u00e9s.<\/p>\n\n\n\n<p class=\"wp-block-paragraph\">En el siguiente enlace podr\u00e1n consultar todos los detalles: <a href=\"http:\/\/ajuntament.barcelona.cat\/ccivics\/trinitatvella\/p\/20607\/rio-de-janeiro-i-lexplosi-carioca#\">http:\/\/ajuntament.barcelona.cat\/ccivics\/trinitatvella\/p\/20607\/rio-de-janeiro-i-lexplosi-carioca#<\/a><\/p>\n\n\n\n<p class=\"wp-block-paragraph\">No es la primera vez que el Centro de L\u00edngua Portuguesa \/ Cam\u00f5es, IP en Barcelona participa en este ciclo. En 2015, tambi\u00e9n colabor\u00f3, leyendo poes\u00eda en portugu\u00e9s en la sesi\u00f3n dedicada a la ciudad de Lisboa. Pueden ver las im\u00e1genes y ler un resumen de la sesi\u00f3n en el siguiente enlace: <a href=\"http:\/\/institutocamoesbarcelona.blogspot.com.es\/2015\/07\/lisboa-i-la-literatura-de-viatges_9.html\">http:\/\/institutocamoesbarcelona.blogspot.com.es\/2015\/07\/lisboa-i-la-literatura-de-viatges_9.html<\/a>.<\/p>\n\n\n\n<p class=\"wp-block-paragraph\"><\/p>\n\n\n\n<p class=\"has-text-align-right wp-block-paragraph\">12-07-2017<\/p>\n","protected":false},"excerpt":{"rendered":"<p>Ma\u00f1ana, 13 de julio de 2017, el Centre C\u00edvic de Trinitat Vella organizar\u00e1 la actividad Rio de Janeiro i l&#8217;explosi\u00f3 carioca, que forma parte del ciclo Viatges des del sof\u00e0. A partir das 20h se podr\u00e1 acceder libremente a la terraza del espacio Foradada, donde, a las 20h30, empezar\u00e1 el acto, que consistir\u00e1 en una [&hellip;]<\/p>\n","protected":false},"author":20,"featured_media":0,"comment_status":"closed","ping_status":"closed","sticky":false,"template":"","format":"standard","meta":{"footnotes":""},"categories":[27],"tags":[],"class_list":["post-4503","post","type-post","status-publish","format-standard","hentry","category-noticias"],"_links":{"self":[{"href":"https:\/\/webs.uab.cat\/centrodelinguaportuguesacamoes\/es\/wp-json\/wp\/v2\/posts\/4503","targetHints":{"allow":["GET"]}}],"collection":[{"href":"https:\/\/webs.uab.cat\/centrodelinguaportuguesacamoes\/es\/wp-json\/wp\/v2\/posts"}],"about":[{"href":"https:\/\/webs.uab.cat\/centrodelinguaportuguesacamoes\/es\/wp-json\/wp\/v2\/types\/post"}],"author":[{"embeddable":true,"href":"https:\/\/webs.uab.cat\/centrodelinguaportuguesacamoes\/es\/wp-json\/wp\/v2\/users\/20"}],"replies":[{"embeddable":true,"href":"https:\/\/webs.uab.cat\/centrodelinguaportuguesacamoes\/es\/wp-json\/wp\/v2\/comments?post=4503"}],"version-history":[{"count":3,"href":"https:\/\/webs.uab.cat\/centrodelinguaportuguesacamoes\/es\/wp-json\/wp\/v2\/posts\/4503\/revisions"}],"predecessor-version":[{"id":5034,"href":"https:\/\/webs.uab.cat\/centrodelinguaportuguesacamoes\/es\/wp-json\/wp\/v2\/posts\/4503\/revisions\/5034"}],"wp:attachment":[{"href":"https:\/\/webs.uab.cat\/centrodelinguaportuguesacamoes\/es\/wp-json\/wp\/v2\/media?parent=4503"}],"wp:term":[{"taxonomy":"category","embeddable":true,"href":"https:\/\/webs.uab.cat\/centrodelinguaportuguesacamoes\/es\/wp-json\/wp\/v2\/categories?post=4503"},{"taxonomy":"post_tag","embeddable":true,"href":"https:\/\/webs.uab.cat\/centrodelinguaportuguesacamoes\/es\/wp-json\/wp\/v2\/tags?post=4503"}],"curies":[{"name":"wp","href":"https:\/\/api.w.org\/{rel}","templated":true}]}}