{"id":4513,"date":"2017-07-03T12:50:00","date_gmt":"2017-07-03T12:50:00","guid":{"rendered":"https:\/\/webs.uab.cat\/centrodelinguaportuguesacamoes\/2017\/07\/03\/exposicoes-virtuais-camoes-ip\/"},"modified":"2023-06-01T15:37:55","modified_gmt":"2023-06-01T15:37:55","slug":"exposiciones-virtuales-camoes-ip","status":"publish","type":"post","link":"https:\/\/webs.uab.cat\/centrodelinguaportuguesacamoes\/es\/2017\/07\/03\/exposiciones-virtuales-camoes-ip\/","title":{"rendered":"Exposiciones virtuales del Cam\u00f5es IP"},"content":{"rendered":"\n<p class=\"wp-block-paragraph\">POTENCIAL ECON\u00d3MICO DE LA LENGUA PORTUGUESA<\/p>\n\n\n\n<p class=\"wp-block-paragraph\">El portugu\u00e9s es la cuarta lengua m\u00e1s hablada del mundo y registra una de las tasas de crecimiento m\u00e1s elevadas, en Internet, en las redes sociales y en el aprendizaje como lengua extranjera. La exposici\u00f3n permite conocer algunos datos importantes.<\/p>\n\n\n\n<p class=\"wp-block-paragraph\"><a rel=\"noopener\" href=\"http:\/\/cvc.instituto-camoes.pt\/area-conhecer-exposicoes-virtuais\/potencial-economico-inicio.html#.WVTGtYSGPIU\" target=\"_blank\">http:\/\/cvc.instituto-camoes.pt\/area-conhecer-exposicoes-virtuais\/potencial-economico-inicio.html#.WVTGtYSGPIU<\/a><\/p>\n\n\n<div class=\"wp-block-image\">\n<figure class=\"aligncenter\"><img loading=\"lazy\" decoding=\"async\" width=\"250\" height=\"301\" src=\"https:\/\/webs.uab.cat\/centrodelinguaportuguesacamoes\/wp-content\/uploads\/sites\/212\/2017\/07\/expo_0.jpg\" alt=\"expo_0.jpg\" class=\"wp-image-707\" \/><\/figure>\n<\/div>\n\n\n<p class=\"wp-block-paragraph\">OTRAS EXPOSICIONES VIRTUALES DEL CAM\u00d5ES IP:<\/p>\n\n\n\n<p class=\"wp-block-paragraph\"><a href=\"https:\/\/www.instituto-camoes.pt\/activity\/centro-virtual\/exposicoes-virtuais\" data-type=\"URL\" data-id=\"https:\/\/www.instituto-camoes.pt\/activity\/centro-virtual\/exposicoes-virtuais\">https:\/\/www.instituto-camoes.pt\/activity\/centro-virtual\/exposicoes-virtuais<\/a><\/p>\n\n\n\n<p class=\"wp-block-paragraph\"><\/p>\n\n\n\n<p class=\"has-text-align-right wp-block-paragraph\">03-07-2017<\/p>\n","protected":false},"excerpt":{"rendered":"<p>POTENCIAL ECON\u00d3MICO DE LA LENGUA PORTUGUESA El portugu\u00e9s es la cuarta lengua m\u00e1s hablada del mundo y registra una de las tasas de crecimiento m\u00e1s elevadas, en Internet, en las redes sociales y en el aprendizaje como lengua extranjera. La exposici\u00f3n permite conocer algunos datos importantes. http:\/\/cvc.instituto-camoes.pt\/area-conhecer-exposicoes-virtuais\/potencial-economico-inicio.html#.WVTGtYSGPIU OTRAS EXPOSICIONES VIRTUALES DEL CAM\u00d5ES IP: https:\/\/www.instituto-camoes.pt\/activity\/centro-virtual\/exposicoes-virtuais 03-07-2017<\/p>\n","protected":false},"author":2319,"featured_media":0,"comment_status":"closed","ping_status":"closed","sticky":false,"template":"","format":"standard","meta":{"footnotes":""},"categories":[27],"tags":[],"class_list":["post-4513","post","type-post","status-publish","format-standard","hentry","category-noticias"],"_links":{"self":[{"href":"https:\/\/webs.uab.cat\/centrodelinguaportuguesacamoes\/es\/wp-json\/wp\/v2\/posts\/4513","targetHints":{"allow":["GET"]}}],"collection":[{"href":"https:\/\/webs.uab.cat\/centrodelinguaportuguesacamoes\/es\/wp-json\/wp\/v2\/posts"}],"about":[{"href":"https:\/\/webs.uab.cat\/centrodelinguaportuguesacamoes\/es\/wp-json\/wp\/v2\/types\/post"}],"author":[{"embeddable":true,"href":"https:\/\/webs.uab.cat\/centrodelinguaportuguesacamoes\/es\/wp-json\/wp\/v2\/users\/2319"}],"replies":[{"embeddable":true,"href":"https:\/\/webs.uab.cat\/centrodelinguaportuguesacamoes\/es\/wp-json\/wp\/v2\/comments?post=4513"}],"version-history":[{"count":2,"href":"https:\/\/webs.uab.cat\/centrodelinguaportuguesacamoes\/es\/wp-json\/wp\/v2\/posts\/4513\/revisions"}],"predecessor-version":[{"id":4519,"href":"https:\/\/webs.uab.cat\/centrodelinguaportuguesacamoes\/es\/wp-json\/wp\/v2\/posts\/4513\/revisions\/4519"}],"wp:attachment":[{"href":"https:\/\/webs.uab.cat\/centrodelinguaportuguesacamoes\/es\/wp-json\/wp\/v2\/media?parent=4513"}],"wp:term":[{"taxonomy":"category","embeddable":true,"href":"https:\/\/webs.uab.cat\/centrodelinguaportuguesacamoes\/es\/wp-json\/wp\/v2\/categories?post=4513"},{"taxonomy":"post_tag","embeddable":true,"href":"https:\/\/webs.uab.cat\/centrodelinguaportuguesacamoes\/es\/wp-json\/wp\/v2\/tags?post=4513"}],"curies":[{"name":"wp","href":"https:\/\/api.w.org\/{rel}","templated":true}]}}