{"id":1565,"date":"2021-05-05T10:17:32","date_gmt":"2021-05-05T10:17:32","guid":{"rendered":"https:\/\/webs.uab.cat\/centrodelinguaportuguesacamoes\/?p=1565"},"modified":"2023-06-01T14:48:06","modified_gmt":"2023-06-01T14:48:06","slug":"videos-comemorar-5-maio-2021","status":"publish","type":"post","link":"https:\/\/webs.uab.cat\/centrodelinguaportuguesacamoes\/2021\/05\/05\/videos-comemorar-5-maio-2021\/","title":{"rendered":"V\u00eddeos para comemorar este 5 de maio de 2021"},"content":{"rendered":"\n<p class=\"wp-block-paragraph\">Para comemorar este <strong>5 de maio de 2021<\/strong>, os\/as alunos\/as dos Cursos de Escrita Criativa e Curso de Conversa\u00e7\u00e3o, bem como a Professora Vera Paulino, brindam-vos com estes magn\u00edficos v\u00eddeos. Esperemos que gostem e que<br>os partilhem!<\/p>\n\n\n\n<div class=\"wp-block-columns is-layout-flex wp-container-core-columns-is-layout-8f761849 wp-block-columns-is-layout-flex\">\n<div class=\"wp-block-column is-layout-flow wp-block-column-is-layout-flow\">\n<figure class=\"wp-block-embed is-type-video is-provider-youtube wp-block-embed-youtube wp-embed-aspect-16-9 wp-has-aspect-ratio\"><div class=\"wp-block-embed__wrapper\">\n<iframe loading=\"lazy\" title=\"5 de maio: Dia Mundial da L\u00edngua Portuguesa. V\u00eddeo dos alunos do Curso de Conversa\u00e7\u00e3o\" width=\"580\" height=\"326\" src=\"https:\/\/www.youtube.com\/embed\/pyNXVvcDiX8?feature=oembed\" frameborder=\"0\" allow=\"accelerometer; autoplay; clipboard-write; encrypted-media; gyroscope; picture-in-picture; web-share\" referrerpolicy=\"strict-origin-when-cross-origin\" allowfullscreen><\/iframe>\n<\/div><figcaption>V\u00eddeo dos alunos do Curso de Conversa\u00e7\u00e3o<\/figcaption><\/figure>\n<\/div>\n\n\n\n<div class=\"wp-block-column is-layout-flow wp-block-column-is-layout-flow\">\n<figure class=\"wp-block-embed is-type-video is-provider-youtube wp-block-embed-youtube wp-embed-aspect-16-9 wp-has-aspect-ratio\"><div class=\"wp-block-embed__wrapper\">\n<iframe loading=\"lazy\" title=\"5 de maio: Dia Mundial da L\u00edngua Portuguesa. V\u00eddeo dos alunos do Curso de Escrita Criativa\" width=\"580\" height=\"326\" src=\"https:\/\/www.youtube.com\/embed\/UQjFJjZPzRM?feature=oembed\" frameborder=\"0\" allow=\"accelerometer; autoplay; clipboard-write; encrypted-media; gyroscope; picture-in-picture; web-share\" referrerpolicy=\"strict-origin-when-cross-origin\" allowfullscreen><\/iframe>\n<\/div><figcaption>V\u00eddeo dos alunos do Curso de Escrita Criativa<\/figcaption><\/figure>\n<\/div>\n<\/div>\n\n\n\n<p class=\"wp-block-paragraph\">Produ\u00e7\u00e3o: Vera Paulino e M\u00f2nica L\u00f3pez Bages<\/p>\n\n\n\n<p class=\"wp-block-paragraph\"><\/p>\n\n\n\n<p class=\"has-text-align-right wp-block-paragraph\">05-05-2021<\/p>\n","protected":false},"excerpt":{"rendered":"<p>Para comemorar este 5 de maio de 2021, os\/as alunos\/as dos Cursos de Escrita Criativa e Curso de Conversa\u00e7\u00e3o, bem como a Professora Vera Paulino, brindam-vos com estes magn\u00edficos v\u00eddeos. Esperemos que gostem e queos partilhem! Produ\u00e7\u00e3o: Vera Paulino e M\u00f2nica L\u00f3pez Bages 05-05-2021<\/p>\n","protected":false},"author":2319,"featured_media":0,"comment_status":"closed","ping_status":"closed","sticky":false,"template":"","format":"standard","meta":{"footnotes":""},"categories":[27],"tags":[],"class_list":["post-1565","post","type-post","status-publish","format-standard","hentry","category-noticias"],"_links":{"self":[{"href":"https:\/\/webs.uab.cat\/centrodelinguaportuguesacamoes\/wp-json\/wp\/v2\/posts\/1565","targetHints":{"allow":["GET"]}}],"collection":[{"href":"https:\/\/webs.uab.cat\/centrodelinguaportuguesacamoes\/wp-json\/wp\/v2\/posts"}],"about":[{"href":"https:\/\/webs.uab.cat\/centrodelinguaportuguesacamoes\/wp-json\/wp\/v2\/types\/post"}],"author":[{"embeddable":true,"href":"https:\/\/webs.uab.cat\/centrodelinguaportuguesacamoes\/wp-json\/wp\/v2\/users\/2319"}],"replies":[{"embeddable":true,"href":"https:\/\/webs.uab.cat\/centrodelinguaportuguesacamoes\/wp-json\/wp\/v2\/comments?post=1565"}],"version-history":[{"count":3,"href":"https:\/\/webs.uab.cat\/centrodelinguaportuguesacamoes\/wp-json\/wp\/v2\/posts\/1565\/revisions"}],"predecessor-version":[{"id":2070,"href":"https:\/\/webs.uab.cat\/centrodelinguaportuguesacamoes\/wp-json\/wp\/v2\/posts\/1565\/revisions\/2070"}],"wp:attachment":[{"href":"https:\/\/webs.uab.cat\/centrodelinguaportuguesacamoes\/wp-json\/wp\/v2\/media?parent=1565"}],"wp:term":[{"taxonomy":"category","embeddable":true,"href":"https:\/\/webs.uab.cat\/centrodelinguaportuguesacamoes\/wp-json\/wp\/v2\/categories?post=1565"},{"taxonomy":"post_tag","embeddable":true,"href":"https:\/\/webs.uab.cat\/centrodelinguaportuguesacamoes\/wp-json\/wp\/v2\/tags?post=1565"}],"curies":[{"name":"wp","href":"https:\/\/api.w.org\/{rel}","templated":true}]}}