{"id":1720,"date":"2017-03-13T09:05:00","date_gmt":"2017-03-13T09:05:00","guid":{"rendered":"https:\/\/webs.uab.cat\/centrodelinguaportuguesacamoes\/?p=1720"},"modified":"2023-05-25T08:21:56","modified_gmt":"2023-05-25T08:21:56","slug":"guitar-bcn-2017-dulce-pontes","status":"publish","type":"post","link":"https:\/\/webs.uab.cat\/centrodelinguaportuguesacamoes\/2017\/03\/13\/guitar-bcn-2017-dulce-pontes\/","title":{"rendered":"Guitar BCN 2017. Dulce Pontes"},"content":{"rendered":"\n<p class=\"wp-block-paragraph\">Como uma for\u00e7a da natureza, Dulce Pontes consegue elevar o folclore do seu pa\u00eds a alt\u00edssimas cotas de emo\u00e7\u00e3o gra\u00e7as a uma voz portentosa e arrebatadora como poucas. Nestas alturas, n\u00e3o \u00e9 nenhum segredo que a montijense \u00e9 uma das cantoras mais importantes de Portugal, e que volte com um novo trabalho depois de seis anos de sil\u00eancio \u00e9 uma excelente not\u00edcia: a apresenta\u00e7\u00e3o no Palau de la M\u00fasica do seu novo disco, <em>Peregrinaje<\/em>, \u00e9 uma magn\u00edfica oportunidade para viver em direto a magia de uma das principais renovadoras e embaixadoras no mundo da m\u00fasica popular lus\u00f3fona. Terna, dram\u00e1tica, vulc\u00e2nica&#8230; A versatilidade de Pontes n\u00e3o tem limites e a pele de galinha est\u00e1 garantida.<\/p>\n\n\n\n<p class=\"wp-block-paragraph\">Dulce Pontes, voz e piano<\/p>\n\n\n\n<p class=\"wp-block-paragraph\">Juan Carlos Cambas, piano<\/p>\n\n\n\n<p class=\"wp-block-paragraph\">Paulo Lima da Silva, percuss\u00e3o<\/p>\n\n\n\n<p class=\"wp-block-paragraph\">Davide Zaccaria, violoncelo<\/p>\n\n\n\n<p class=\"wp-block-paragraph\">Amadeu Magalhaes, gaita, flauta,&nbsp;cavaquinho<\/p>\n\n\n\n<p class=\"wp-block-paragraph\">Marta Pereira da Costa, guitarra portuguesa<\/p>\n\n\n\n<hr class=\"wp-block-separator has-alpha-channel-opacity\" \/>\n\n\n\n<p class=\"wp-block-paragraph\"><strong>Data<\/strong>: Sexta-feira, 31 de mar\u00e7o de 2017<\/p>\n\n\n\n<p class=\"wp-block-paragraph\"><strong>Lugar<\/strong>:&nbsp;Palau de la M\u00fasica Catalana<\/p>\n\n\n\n<p class=\"wp-block-paragraph\"><strong>Hora<\/strong>:&nbsp;21h30<\/p>\n\n\n\n<p class=\"wp-block-paragraph\"><strong>Pre\u00e7o<\/strong>:&nbsp;Desde 18\u20ac<\/p>\n\n\n\n<p class=\"wp-block-paragraph\">Para mais informa\u00e7\u00f5es, podem consultar o site do festival:&nbsp;<a rel=\"noreferrer noopener\" href=\"http:\/\/www.guitarbcn.com\/es\/c-2422\/DULCE-PONTES\" target=\"_blank\">http:\/\/www.guitarbcn.com\/es\/c-2422\/DULCE-PONTES<\/a><\/p>\n\n\n\n<p class=\"wp-block-paragraph\"><\/p>\n\n\n\n<p class=\"has-text-align-right wp-block-paragraph\">13-03-2017<\/p>\n","protected":false},"excerpt":{"rendered":"<p>Como uma for\u00e7a da natureza, Dulce Pontes consegue elevar o folclore do seu pa\u00eds a alt\u00edssimas cotas de emo\u00e7\u00e3o gra\u00e7as a uma voz portentosa e arrebatadora como poucas. Nestas alturas, n\u00e3o \u00e9 nenhum segredo que a montijense \u00e9 uma das cantoras mais importantes de Portugal, e que volte com um novo trabalho depois de seis [&hellip;]<\/p>\n","protected":false},"author":2319,"featured_media":0,"comment_status":"closed","ping_status":"closed","sticky":false,"template":"","format":"standard","meta":{"footnotes":""},"categories":[27],"tags":[],"class_list":["post-1720","post","type-post","status-publish","format-standard","hentry","category-noticias"],"_links":{"self":[{"href":"https:\/\/webs.uab.cat\/centrodelinguaportuguesacamoes\/wp-json\/wp\/v2\/posts\/1720","targetHints":{"allow":["GET"]}}],"collection":[{"href":"https:\/\/webs.uab.cat\/centrodelinguaportuguesacamoes\/wp-json\/wp\/v2\/posts"}],"about":[{"href":"https:\/\/webs.uab.cat\/centrodelinguaportuguesacamoes\/wp-json\/wp\/v2\/types\/post"}],"author":[{"embeddable":true,"href":"https:\/\/webs.uab.cat\/centrodelinguaportuguesacamoes\/wp-json\/wp\/v2\/users\/2319"}],"replies":[{"embeddable":true,"href":"https:\/\/webs.uab.cat\/centrodelinguaportuguesacamoes\/wp-json\/wp\/v2\/comments?post=1720"}],"version-history":[{"count":9,"href":"https:\/\/webs.uab.cat\/centrodelinguaportuguesacamoes\/wp-json\/wp\/v2\/posts\/1720\/revisions"}],"predecessor-version":[{"id":4723,"href":"https:\/\/webs.uab.cat\/centrodelinguaportuguesacamoes\/wp-json\/wp\/v2\/posts\/1720\/revisions\/4723"}],"wp:attachment":[{"href":"https:\/\/webs.uab.cat\/centrodelinguaportuguesacamoes\/wp-json\/wp\/v2\/media?parent=1720"}],"wp:term":[{"taxonomy":"category","embeddable":true,"href":"https:\/\/webs.uab.cat\/centrodelinguaportuguesacamoes\/wp-json\/wp\/v2\/categories?post=1720"},{"taxonomy":"post_tag","embeddable":true,"href":"https:\/\/webs.uab.cat\/centrodelinguaportuguesacamoes\/wp-json\/wp\/v2\/tags?post=1720"}],"curies":[{"name":"wp","href":"https:\/\/api.w.org\/{rel}","templated":true}]}}