{"id":3175,"date":"2023-06-26T17:10:56","date_gmt":"2023-06-26T17:10:56","guid":{"rendered":"https:\/\/webs.uab.cat\/cienciaxllegir\/?p=3175"},"modified":"2023-07-27T14:12:56","modified_gmt":"2023-07-27T14:12:56","slug":"3a-edicio-del-concurs-de-scikusperspectiva23","status":"publish","type":"post","link":"https:\/\/webs.uab.cat\/cienciaxllegir\/2023\/06\/26\/3a-edicio-del-concurs-de-scikusperspectiva23\/","title":{"rendered":"3a edici\u00f3 del concurs de Scikus amb Perspectiva"},"content":{"rendered":"\n<div class=\"wp-block-media-text alignwide is-stacked-on-mobile\" style=\"grid-template-columns:40% auto\"><figure class=\"wp-block-media-text__media\"><a href=\"https:\/\/twitter.com\/Bctuab\/status\/1672536258449383426\" target=\"_blank\" rel=\"noreferrer noopener\"><img loading=\"lazy\" decoding=\"async\" width=\"663\" height=\"900\" src=\"https:\/\/webs.uab.cat\/cienciaxllegir\/wp-content\/uploads\/sites\/215\/2023\/06\/poesia-concurs-2023.jpg\" alt=\"\" class=\"wp-image-3177 size-full\" srcset=\"https:\/\/webs.uab.cat\/cienciaxllegir\/wp-content\/uploads\/sites\/215\/2023\/06\/poesia-concurs-2023.jpg 663w, https:\/\/webs.uab.cat\/cienciaxllegir\/wp-content\/uploads\/sites\/215\/2023\/06\/poesia-concurs-2023-221x300.jpg 221w\" sizes=\"auto, (max-width: 663px) 100vw, 663px\" \/><\/a><\/figure><div class=\"wp-block-media-text__content\">\n<p class=\"wp-block-paragraph\">\ud83d\udc69\u200d\ud83d\udd2cDia de <strong>#DonesiCi\u00e8ncia<\/strong> i d&#8217;<strong>#Scikus<\/strong>\u2757<\/p>\n\n\n\n<p class=\"wp-block-paragraph\">Felicitem a <a rel=\"noreferrer noopener\" href=\"https:\/\/twitter.com\/DivuLCC\" target=\"_blank\">@DivuLCC<\/a>, <a rel=\"noreferrer noopener\" href=\"https:\/\/twitter.com\/AFoschM\" target=\"_blank\">@AFoschM<\/a> i <a rel=\"noreferrer noopener\" href=\"https:\/\/twitter.com\/salutvilaros\" target=\"_blank\">@salutvilaros<\/a> com a guanyadors de la 3a edici\u00f3 del concurs de <strong>#ScikusPerspectiva23<\/strong> organitzat per l&#8217;<a href=\"https:\/\/www.accc.cat\/\" target=\"_blank\" rel=\"noreferrer noopener\">Associaci\u00f3 Catalana de Comunicaci\u00f3 Cient\u00edfica<\/a>.<\/p>\n\n\n\n<p class=\"wp-block-paragraph\">Resta de participants <strong><a rel=\"noreferrer noopener\" href=\"https:\/\/accc.cat\/2023\/06\/14\/la-3a-edicio-del-concurs-de-scikus-amb-perspectiva-ja-te-guanyadors\/\" target=\"_blank\">aqu\u00ed<\/a><\/strong>.<br><\/p>\n<\/div><\/div>\n","protected":false},"excerpt":{"rendered":"<p>\ud83d\udc69\u200d\ud83d\udd2cDia de #DonesiCi\u00e8ncia i d&#8217;#Scikus\u2757 Felicitem a @DivuLCC, @AFoschM i @salutvilaros com a guanyadors de la 3a edici\u00f3 del concurs de #ScikusPerspectiva23 organitzat per l&#8217;Associaci\u00f3 Catalana de Comunicaci\u00f3 Cient\u00edfica. Resta de participants aqu\u00ed.<\/p>\n","protected":false},"author":131,"featured_media":0,"comment_status":"closed","ping_status":"closed","sticky":false,"template":"","format":"standard","meta":{"footnotes":""},"categories":[5],"tags":[],"class_list":["post-3175","post","type-post","status-publish","format-standard","hentry","category-ciencia-i-poesia"],"_links":{"self":[{"href":"https:\/\/webs.uab.cat\/cienciaxllegir\/wp-json\/wp\/v2\/posts\/3175","targetHints":{"allow":["GET"]}}],"collection":[{"href":"https:\/\/webs.uab.cat\/cienciaxllegir\/wp-json\/wp\/v2\/posts"}],"about":[{"href":"https:\/\/webs.uab.cat\/cienciaxllegir\/wp-json\/wp\/v2\/types\/post"}],"author":[{"embeddable":true,"href":"https:\/\/webs.uab.cat\/cienciaxllegir\/wp-json\/wp\/v2\/users\/131"}],"replies":[{"embeddable":true,"href":"https:\/\/webs.uab.cat\/cienciaxllegir\/wp-json\/wp\/v2\/comments?post=3175"}],"version-history":[{"count":5,"href":"https:\/\/webs.uab.cat\/cienciaxllegir\/wp-json\/wp\/v2\/posts\/3175\/revisions"}],"predecessor-version":[{"id":3285,"href":"https:\/\/webs.uab.cat\/cienciaxllegir\/wp-json\/wp\/v2\/posts\/3175\/revisions\/3285"}],"wp:attachment":[{"href":"https:\/\/webs.uab.cat\/cienciaxllegir\/wp-json\/wp\/v2\/media?parent=3175"}],"wp:term":[{"taxonomy":"category","embeddable":true,"href":"https:\/\/webs.uab.cat\/cienciaxllegir\/wp-json\/wp\/v2\/categories?post=3175"},{"taxonomy":"post_tag","embeddable":true,"href":"https:\/\/webs.uab.cat\/cienciaxllegir\/wp-json\/wp\/v2\/tags?post=3175"}],"curies":[{"name":"wp","href":"https:\/\/api.w.org\/{rel}","templated":true}]}}