{"id":3673,"date":"2024-01-08T18:47:52","date_gmt":"2024-01-08T18:47:52","guid":{"rendered":"https:\/\/webs.uab.cat\/cienciaxllegir\/?p=3673"},"modified":"2024-01-08T18:48:50","modified_gmt":"2024-01-08T18:48:50","slug":"cuerpo-i-dhugo-cano","status":"publish","type":"post","link":"https:\/\/webs.uab.cat\/cienciaxllegir\/2024\/01\/08\/cuerpo-i-dhugo-cano\/","title":{"rendered":"Cuerpo I, d&#8217;Hugo Cano"},"content":{"rendered":"\n<div class=\"wp-block-media-text alignwide is-stacked-on-mobile\" style=\"grid-template-columns:42% auto\"><figure class=\"wp-block-media-text__media\"><img loading=\"lazy\" decoding=\"async\" width=\"683\" height=\"1024\" src=\"https:\/\/webs.uab.cat\/cienciaxllegir\/wp-content\/uploads\/sites\/215\/2024\/01\/2023-12-16HCano-cuerpo-683x1024.jpg\" alt=\"\" class=\"wp-image-3674 size-full\" srcset=\"https:\/\/webs.uab.cat\/cienciaxllegir\/wp-content\/uploads\/sites\/215\/2024\/01\/2023-12-16HCano-cuerpo-683x1024.jpg 683w, https:\/\/webs.uab.cat\/cienciaxllegir\/wp-content\/uploads\/sites\/215\/2024\/01\/2023-12-16HCano-cuerpo-200x300.jpg 200w, https:\/\/webs.uab.cat\/cienciaxllegir\/wp-content\/uploads\/sites\/215\/2024\/01\/2023-12-16HCano-cuerpo-768x1152.jpg 768w, https:\/\/webs.uab.cat\/cienciaxllegir\/wp-content\/uploads\/sites\/215\/2024\/01\/2023-12-16HCano-cuerpo.jpg 1000w\" sizes=\"auto, (max-width: 683px) 100vw, 683px\" \/><\/figure><div class=\"wp-block-media-text__content\">\n<p class=\"wp-block-paragraph\">A la nostra exposici\u00f3 de #Ci\u00e8nciaiPoesia, un altre membre de la comunitat cient\u00edfica de la Universitat Aut\u00f2noma de Barcelona: l&#8217;<strong>Hugo Cano<\/strong>, estudiant del Doctorat en #Gen\u00e8tica.<\/p>\n\n\n\n<p class=\"wp-block-paragraph\">Ell tamb\u00e9 hi va ser a <a rel=\"noreferrer noopener\" href=\"https:\/\/ddd.uab.cat\/record\/286460\" target=\"_blank\">l&#8217;slam po\u00e8tic del 19\/12\/2023<\/a> a l&#8217;Espai BCT.<\/p>\n<\/div><\/div>\n","protected":false},"excerpt":{"rendered":"<p>A la nostra exposici\u00f3 de #Ci\u00e8nciaiPoesia, un altre membre de la comunitat cient\u00edfica de la Universitat Aut\u00f2noma de Barcelona: l&#8217;Hugo Cano, estudiant del Doctorat en #Gen\u00e8tica. Ell tamb\u00e9 hi va ser a l&#8217;slam po\u00e8tic del 19\/12\/2023 a l&#8217;Espai BCT.<\/p>\n","protected":false},"author":131,"featured_media":0,"comment_status":"closed","ping_status":"closed","sticky":false,"template":"","format":"standard","meta":{"footnotes":""},"categories":[5,24],"tags":[],"class_list":["post-3673","post","type-post","status-publish","format-standard","hentry","category-ciencia-i-poesia","category-hugo-cano"],"_links":{"self":[{"href":"https:\/\/webs.uab.cat\/cienciaxllegir\/wp-json\/wp\/v2\/posts\/3673","targetHints":{"allow":["GET"]}}],"collection":[{"href":"https:\/\/webs.uab.cat\/cienciaxllegir\/wp-json\/wp\/v2\/posts"}],"about":[{"href":"https:\/\/webs.uab.cat\/cienciaxllegir\/wp-json\/wp\/v2\/types\/post"}],"author":[{"embeddable":true,"href":"https:\/\/webs.uab.cat\/cienciaxllegir\/wp-json\/wp\/v2\/users\/131"}],"replies":[{"embeddable":true,"href":"https:\/\/webs.uab.cat\/cienciaxllegir\/wp-json\/wp\/v2\/comments?post=3673"}],"version-history":[{"count":2,"href":"https:\/\/webs.uab.cat\/cienciaxllegir\/wp-json\/wp\/v2\/posts\/3673\/revisions"}],"predecessor-version":[{"id":3676,"href":"https:\/\/webs.uab.cat\/cienciaxllegir\/wp-json\/wp\/v2\/posts\/3673\/revisions\/3676"}],"wp:attachment":[{"href":"https:\/\/webs.uab.cat\/cienciaxllegir\/wp-json\/wp\/v2\/media?parent=3673"}],"wp:term":[{"taxonomy":"category","embeddable":true,"href":"https:\/\/webs.uab.cat\/cienciaxllegir\/wp-json\/wp\/v2\/categories?post=3673"},{"taxonomy":"post_tag","embeddable":true,"href":"https:\/\/webs.uab.cat\/cienciaxllegir\/wp-json\/wp\/v2\/tags?post=3673"}],"curies":[{"name":"wp","href":"https:\/\/api.w.org\/{rel}","templated":true}]}}