{"id":591,"date":"2025-03-06T12:11:45","date_gmt":"2025-03-06T12:11:45","guid":{"rendered":"https:\/\/webs.uab.cat\/compred\/?p=591"},"modified":"2025-10-06T12:16:59","modified_gmt":"2025-10-06T12:16:59","slug":"un-equip-divers","status":"publish","type":"post","link":"https:\/\/webs.uab.cat\/compred\/2025\/03\/06\/un-equip-divers\/","title":{"rendered":"Un equip divers"},"content":{"rendered":"\n<h2 class=\"wp-block-heading\">Un equip divers al servei de la recerca educativa<\/h2>\n\n\n\n<p>El projecte CompREd compta amb un equip multidisciplinari format per professionals de diferents \u00e0mbits del coneixement i amb una \u00e0mplia experi\u00e8ncia en recerca i educaci\u00f3. Investigadors i investigadores de la Universitat Aut\u00f2noma de Barcelona (UAB) amb formacions en pedagogia, psicologia, sociologia, educaci\u00f3 social i altres disciplines treballen conjuntament per oferir un repositori obert i de qualitat.<\/p>\n\n\n\n<p>Aquesta diversitat permet una aproximaci\u00f3 integral als processos d\u2019investigaci\u00f3 educativa, combinant perspectives metodol\u00f2giques diverses i responent a les necessitats d\u2019un ampli ventall d\u2019usuaris: estudiants, docents, investigadors novells i professionals de l\u2019educaci\u00f3.<\/p>\n\n\n\n<p>L\u2019equip de CompREd no nom\u00e9s aporta experi\u00e8ncia acad\u00e8mica i investigadora, sin\u00f3 tamb\u00e9 un comprom\u00eds compartit amb la innovaci\u00f3 i l\u2019accessibilitat del coneixement. La seva col\u00b7laboraci\u00f3 interdisciplin\u00e0ria garanteix la creaci\u00f3 d\u2019un espai de refer\u00e8ncia per a la comunitat educativa i investigadora. <\/p>\n\n\n\n<p><a href=\"https:\/\/webs.uab.cat\/compred\/compred\/equip\/\" data-type=\"page\" data-id=\"362\">\ud83d\udc49 <strong>Coneix m\u00e9s sobre l\u2019equip CompREd aqu\u00ed<\/strong><\/a><\/p>\n","protected":false},"excerpt":{"rendered":"<p>Un equip divers al servei de la recerca educativa El projecte CompREd compta amb un equip multidisciplinari format per professionals de diferents \u00e0mbits del coneixement i amb una \u00e0mplia experi\u00e8ncia en recerca i educaci\u00f3. Investigadors i investigadores de la Universitat Aut\u00f2noma de Barcelona (UAB) amb formacions en pedagogia, psicologia, sociologia, educaci\u00f3 social i altres disciplines [&hellip;]<\/p>\n","protected":false},"author":3035,"featured_media":934,"comment_status":"closed","ping_status":"closed","sticky":false,"template":"","format":"standard","meta":{"footnotes":""},"categories":[24],"tags":[],"class_list":["post-591","post","type-post","status-publish","format-standard","has-post-thumbnail","hentry","category-el-nostre-projecte"],"_links":{"self":[{"href":"https:\/\/webs.uab.cat\/compred\/wp-json\/wp\/v2\/posts\/591","targetHints":{"allow":["GET"]}}],"collection":[{"href":"https:\/\/webs.uab.cat\/compred\/wp-json\/wp\/v2\/posts"}],"about":[{"href":"https:\/\/webs.uab.cat\/compred\/wp-json\/wp\/v2\/types\/post"}],"author":[{"embeddable":true,"href":"https:\/\/webs.uab.cat\/compred\/wp-json\/wp\/v2\/users\/3035"}],"replies":[{"embeddable":true,"href":"https:\/\/webs.uab.cat\/compred\/wp-json\/wp\/v2\/comments?post=591"}],"version-history":[{"count":2,"href":"https:\/\/webs.uab.cat\/compred\/wp-json\/wp\/v2\/posts\/591\/revisions"}],"predecessor-version":[{"id":1033,"href":"https:\/\/webs.uab.cat\/compred\/wp-json\/wp\/v2\/posts\/591\/revisions\/1033"}],"wp:featuredmedia":[{"embeddable":true,"href":"https:\/\/webs.uab.cat\/compred\/wp-json\/wp\/v2\/media\/934"}],"wp:attachment":[{"href":"https:\/\/webs.uab.cat\/compred\/wp-json\/wp\/v2\/media?parent=591"}],"wp:term":[{"taxonomy":"category","embeddable":true,"href":"https:\/\/webs.uab.cat\/compred\/wp-json\/wp\/v2\/categories?post=591"},{"taxonomy":"post_tag","embeddable":true,"href":"https:\/\/webs.uab.cat\/compred\/wp-json\/wp\/v2\/tags?post=591"}],"curies":[{"name":"wp","href":"https:\/\/api.w.org\/{rel}","templated":true}]}}