{"id":141,"date":"2023-07-05T19:07:15","date_gmt":"2023-07-05T17:07:15","guid":{"rendered":"https:\/\/webs.uab.cat\/csif\/?p=141"},"modified":"2023-07-05T19:11:49","modified_gmt":"2023-07-05T17:11:49","slug":"nous-permisos-laborals-modificacio-del-text-refos-de-la-llei-de-lebep","status":"publish","type":"post","link":"https:\/\/webs.uab.cat\/csif\/2023\/07\/05\/nous-permisos-laborals-modificacio-del-text-refos-de-la-llei-de-lebep\/","title":{"rendered":"Nous Permisos Laborals. Modificaci\u00f3 del text ref\u00f3s de la Llei de l&#8217;EBEP"},"content":{"rendered":"\n<p class=\"wp-block-paragraph\">S&#8217;ha publicat al BOE del 29\/6\/2023, el <a href=\"https:\/\/boe.es\/buscar\/doc.php?id=BOE-A-2023-15135\" data-type=\"URL\" data-id=\"https:\/\/boe.es\/buscar\/doc.php?id=BOE-A-2023-15135\" target=\"_blank\" rel=\"noreferrer noopener\"><strong>Reial Decret<\/strong> llei 5\/2023,<\/a> de 28\/6 les modificacions del text ref\u00f3s de la<strong> Llei de l&#8217;Estatut B\u00e0sic de l&#8217;Empleat P\u00fablic.<\/strong><\/p>\n\n\n\n<p class=\"wp-block-paragraph\">En aquest s&#8217;adopten i prorroguen determinades mesures de resposta a les conseq\u00fc\u00e8ncies econ\u00f2miques i socials de la Guerra d&#8217;Ucra\u00efna, de suport a la reconstrucci\u00f3 de l&#8217;illa de La Palma i altres situacions de vulnerabilitat; de transposici\u00f3 de Directives de la Uni\u00f3 Europea en mat\u00e8ria de modificacions estructurals de societats mercantils i conciliaci\u00f3 de la vida familiar i la vida professional dels progenitors i cuidadors; i d&#8217;execuci\u00f3 i compliment del Dret de la Uni\u00f3 Europea. <\/p>\n\n\n\n<p class=\"wp-block-paragraph\">En relaci\u00f3 a la <strong>conciliaci\u00f3 de la vida familiar i la vida professional dels progenitors i els cuidadors<\/strong>, queden redactades en els termes seg\u00fcents: <\/p>\n\n\n\n<ul class=\"wp-block-list\">\n<li>a) Per <strong>accident o malaltia greus, hospitalitzaci\u00f3 o intervenci\u00f3 quir\u00fargica sense hospitalitzaci\u00f3 que necessiti rep\u00f2s domiciliari del c\u00f2njuge, parella de fet o parents fins al primer grau per consanguinitat o afinita<\/strong>t, aix\u00ed com de qualsevol altra persona diferent de les anteriors que convisqui amb el funcionari o funcion\u00e0ria al mateix domicili i que en requereixi la cura efectiva, cinc dies. Quan es tracti d&#8217;accident o malaltia greus, hospitalitzaci\u00f3 o intervenci\u00f3 quir\u00fargica sense hospitalitzaci\u00f3 que necessiti rep\u00f2s domiciliari, d&#8217;un familiar dins el segon grau de consanguinitat o afinitat, el perm\u00eds \u00e9s de quatre dies. Quan es tracti de mort del c\u00f2njuge, parella de fet o familiar dins del primer grau de consanguinitat o afinitat, tres di<strong>es <\/strong>h\u00e0bils quan el succ\u00e9s es produeixi a la mateixa localitat, i cinc dies<strong> <\/strong>h\u00e0bils, quan sigui en diferent localitat. En el cas de mort de familiar dins del segon grau de consanguinitat o afinitat, el perm\u00eds \u00e9s de<strong> <\/strong>dos dies h\u00e0bils quan es produeixi a la mateixa localitat i de quatre dies h\u00e0bils quan sigui en diferent localitat.<\/li>\n\n\n\n<li>i) Per<strong> matrimoni o registre o constituci\u00f3 formalitzada <\/strong>per document p\u00fablic de parella de fet, quinze dies.<\/li>\n\n\n\n<li>S&#8217;afegeix una nova lletra g) a l&#8217;article 49, que queda redactada en els termes seg\u00fcents: <strong>Perm\u00eds parental per a la cura de fill, filla o menor acollit per un temps superior a un any, <\/strong>fins al moment en qu\u00e8 el menor faci vuit anys: t\u00e9 una durada no superior a vuit setmanes, cont\u00ednues o discont\u00ednues, es pot gaudir a temps complet, o en r\u00e8gim de jornada a temps parcial, quan les necessitats del servei ho permetin i d&#8217;acord amb els termes que s&#8217;estableixin per reglament. <\/li>\n\n\n\n<li>Aquest perm\u00eds constitueix un dret individual de les persones progenitores, adoptants o acollidores, homes o dones, sense que se&#8217;n pugui transferir l&#8217;exercici. Quan les necessitats del servei ho permetin, correspondr\u00e0 a la persona progenitora, adoptant o acollidora especificar la data d&#8217;inici i fi del gaudi o, si escau, dels per\u00edodes de gaudi, i ho ha de comunicar a l&#8217;Administraci\u00f3 amb una antelaci\u00f3 de quinze dies i realitzant-se per setmanes completes. Quan concorrin en ambdues persones progenitores, adoptants, o acollidores, pel mateix subjecte i fet causant, les circumst\u00e0ncies necess\u00e0ries per tenir dret a aquest perm\u00eds en qu\u00e8 el gaudi del perm\u00eds parental en el per\u00edode sol\u00b7licitat alteri seriosament el funcionament correcte de la unitat de l&#8217;administraci\u00f3 en qu\u00e8 ambdues prestin serveis, aquesta podr\u00e0 ajornar la concessi\u00f3 del perm\u00eds per un per\u00edode raonable, justificant-ho per escrit i despr\u00e9s d&#8217;haver ofert una alternativa de gaudiment m\u00e9s flexible. Als efectes del que disposa aquest apartat, el terme de mare biol\u00f2gica inclou tamb\u00e9 les persones transgestants.<\/li>\n<\/ul>\n\n\n\n<p class=\"wp-block-paragraph\"> Aquest Reial Decret llei va entrar en vigor el 30\/6\/2023.<\/p>\n","protected":false},"excerpt":{"rendered":"<p>S&#8217;ha publicat al BOE del 29\/6\/2023, el Reial Decret llei 5\/2023, de 28\/6 les modificacions del text ref\u00f3s de la Llei de l&#8217;Estatut B\u00e0sic de l&#8217;Empleat P\u00fablic. En aquest s&#8217;adopten i prorroguen determinades mesures de resposta a les conseq\u00fc\u00e8ncies econ\u00f2miques i socials de la Guerra d&#8217;Ucra\u00efna, de suport a la reconstrucci\u00f3 de l&#8217;illa de La [&hellip;]<\/p>\n","protected":false},"author":1872,"featured_media":0,"comment_status":"closed","ping_status":"closed","sticky":false,"template":"","format":"standard","meta":{"footnotes":""},"categories":[5,6,7],"tags":[],"class_list":["post-141","post","type-post","status-publish","format-standard","hentry","category-informacio","category-pas","category-pdi"],"_links":{"self":[{"href":"https:\/\/webs.uab.cat\/csif\/wp-json\/wp\/v2\/posts\/141","targetHints":{"allow":["GET"]}}],"collection":[{"href":"https:\/\/webs.uab.cat\/csif\/wp-json\/wp\/v2\/posts"}],"about":[{"href":"https:\/\/webs.uab.cat\/csif\/wp-json\/wp\/v2\/types\/post"}],"author":[{"embeddable":true,"href":"https:\/\/webs.uab.cat\/csif\/wp-json\/wp\/v2\/users\/1872"}],"replies":[{"embeddable":true,"href":"https:\/\/webs.uab.cat\/csif\/wp-json\/wp\/v2\/comments?post=141"}],"version-history":[{"count":3,"href":"https:\/\/webs.uab.cat\/csif\/wp-json\/wp\/v2\/posts\/141\/revisions"}],"predecessor-version":[{"id":144,"href":"https:\/\/webs.uab.cat\/csif\/wp-json\/wp\/v2\/posts\/141\/revisions\/144"}],"wp:attachment":[{"href":"https:\/\/webs.uab.cat\/csif\/wp-json\/wp\/v2\/media?parent=141"}],"wp:term":[{"taxonomy":"category","embeddable":true,"href":"https:\/\/webs.uab.cat\/csif\/wp-json\/wp\/v2\/categories?post=141"},{"taxonomy":"post_tag","embeddable":true,"href":"https:\/\/webs.uab.cat\/csif\/wp-json\/wp\/v2\/tags?post=141"}],"curies":[{"name":"wp","href":"https:\/\/api.w.org\/{rel}","templated":true}]}}