{"id":154,"date":"2023-07-17T06:35:57","date_gmt":"2023-07-17T04:35:57","guid":{"rendered":"https:\/\/webs.uab.cat\/csif\/?p=154"},"modified":"2023-07-17T06:36:24","modified_gmt":"2023-07-17T04:36:24","slug":"representants-a-les-comissions","status":"publish","type":"post","link":"https:\/\/webs.uab.cat\/csif\/2023\/07\/17\/representants-a-les-comissions\/","title":{"rendered":"Representants a les Comissions"},"content":{"rendered":"\n<p>El passat 11 de Juliol es van escollir els representants a les comissions i de la nostra secci\u00f3 seran: <strong>Pilar Orero i David Vidal<\/strong> a la Recerca, Transfer\u00e8ncia i Emprenedoria, <strong>Juan B. Hern\u00e1ndez <\/strong>a la d\u2019Empara i<strong> Dolores Rexachs<\/strong> a la d&#8217;Igualtat.<\/p>\n\n\n\n<p>En resum, els delegats de la JPDI a les comissions s\u00f3n:<\/p>\n\n\n\n<ul class=\"wp-block-list\">\n<li>&nbsp;&nbsp;&nbsp; Comissi\u00f3 de <strong>Personal Acad\u00e8mic:<\/strong> Ester Fern\u00e0ndez \/ Xavier Bardina<\/li>\n\n\n\n<li>&nbsp;&nbsp;&nbsp; Comissi\u00f3 de <strong>Recerca, Transfer\u00e8ncia i Emprenedoria:<\/strong> Pilar Orero \/ David Vidal<\/li>\n\n\n\n<li>&nbsp;&nbsp;&nbsp; Comissi\u00f3 d\u2019<strong>Economia i Organitzaci\u00f3:<\/strong> Adoraci\u00f3n Moreno \/ \u00c1ngel Cebollada<\/li>\n\n\n\n<li>&nbsp;&nbsp;&nbsp; Comissi\u00f3 de <strong>Relacions Internacionals i Pol\u00edtica Ling\u00fc\u00edstica:<\/strong> Olga Soler \/ Jordi Saldo<\/li>\n\n\n\n<li>&nbsp;&nbsp;&nbsp; Comissi\u00f3 d\u2019<strong>Empara:<\/strong> Juan B. Hern\u00e1ndez \/ (suplent pendent de designar)<\/li>\n\n\n\n<li>&nbsp;&nbsp;&nbsp; Comissi\u00f3 de <strong>Campus i Sostenibilitat:<\/strong> Jordi Bartolom\u00e9 \/ Jordi Nadal<\/li>\n\n\n\n<li>&nbsp;&nbsp;&nbsp; Comissi\u00f3 d\u2019<strong>Igualtat:<\/strong> Ana Carretero \/ Dolores Rexachs<\/li>\n\n\n\n<li>&nbsp;&nbsp;&nbsp; Comit\u00e8 de <strong>Seguretat i Salut:<\/strong> Asunci\u00f3n Blanco, Jordi Nadal, Maria Jes\u00fas Palomo<\/li>\n<\/ul>\n\n\n\n<p>Tamb\u00e9 es va demanar al president que sol\u00b7liciti una representaci\u00f3 de la JPDI a la comissi\u00f3 de TIC.<\/p>\n","protected":false},"excerpt":{"rendered":"<p>El passat 11 de Juliol es van escollir els representants a les comissions i de la nostra secci\u00f3 seran: Pilar Orero i David Vidal a la Recerca, Transfer\u00e8ncia i Emprenedoria, Juan B. Hern\u00e1ndez a la d\u2019Empara i Dolores Rexachs a la d&#8217;Igualtat. En resum, els delegats de la JPDI a les comissions s\u00f3n: Tamb\u00e9 es [&hellip;]<\/p>\n","protected":false},"author":1872,"featured_media":0,"comment_status":"closed","ping_status":"closed","sticky":false,"template":"","format":"standard","meta":{"footnotes":""},"categories":[5,7],"tags":[],"class_list":["post-154","post","type-post","status-publish","format-standard","hentry","category-informacio","category-pdi"],"_links":{"self":[{"href":"https:\/\/webs.uab.cat\/csif\/wp-json\/wp\/v2\/posts\/154","targetHints":{"allow":["GET"]}}],"collection":[{"href":"https:\/\/webs.uab.cat\/csif\/wp-json\/wp\/v2\/posts"}],"about":[{"href":"https:\/\/webs.uab.cat\/csif\/wp-json\/wp\/v2\/types\/post"}],"author":[{"embeddable":true,"href":"https:\/\/webs.uab.cat\/csif\/wp-json\/wp\/v2\/users\/1872"}],"replies":[{"embeddable":true,"href":"https:\/\/webs.uab.cat\/csif\/wp-json\/wp\/v2\/comments?post=154"}],"version-history":[{"count":1,"href":"https:\/\/webs.uab.cat\/csif\/wp-json\/wp\/v2\/posts\/154\/revisions"}],"predecessor-version":[{"id":155,"href":"https:\/\/webs.uab.cat\/csif\/wp-json\/wp\/v2\/posts\/154\/revisions\/155"}],"wp:attachment":[{"href":"https:\/\/webs.uab.cat\/csif\/wp-json\/wp\/v2\/media?parent=154"}],"wp:term":[{"taxonomy":"category","embeddable":true,"href":"https:\/\/webs.uab.cat\/csif\/wp-json\/wp\/v2\/categories?post=154"},{"taxonomy":"post_tag","embeddable":true,"href":"https:\/\/webs.uab.cat\/csif\/wp-json\/wp\/v2\/tags?post=154"}],"curies":[{"name":"wp","href":"https:\/\/api.w.org\/{rel}","templated":true}]}}