{"id":244,"date":"2024-01-26T17:52:02","date_gmt":"2024-01-26T15:52:02","guid":{"rendered":"https:\/\/webs.uab.cat\/csif\/?p=244"},"modified":"2024-01-26T17:52:02","modified_gmt":"2024-01-26T15:52:02","slug":"nou-pacte-per-a-la-ciencia-ajuts-per-al-pdi","status":"publish","type":"post","link":"https:\/\/webs.uab.cat\/csif\/2024\/01\/26\/nou-pacte-per-a-la-ciencia-ajuts-per-al-pdi\/","title":{"rendered":"Nou Pacte per a la Ci\u00e8ncia &#8211; Ajuts per al PDI"},"content":{"rendered":"\n<p class=\"wp-block-paragraph\">Conscients que hi ha pendents transformacions necess\u00e0ries en el Sistema Espanyol de Ci\u00e8ncia, Tecnologia i Innovaci\u00f3 (SECTI), <strong>CSIF juntament amb diverses associacions i organitzacions sindicals<\/strong> sol\u00b7licitem  establir un<strong> nou Pacte per la Ci\u00e8ncia <\/strong>centrat en quatre pilars fonamentals:<\/p>\n\n\n\n<ul class=\"wp-block-list\">\n<li> Estatut del Personal de Recerca<\/li>\n\n\n\n<li> Simplificaci\u00f3 i efici\u00e8ncia burocr\u00e0tica<\/li>\n\n\n\n<li> Ci\u00e8ncia responsable: transpar\u00e8ncia, integritat i diversitat<\/li>\n\n\n\n<li> Inversi\u00f3 del 3% del PIB en R+D+I<\/li>\n<\/ul>\n\n\n\n<h2 class=\"wp-block-heading\">Convocat\u00f2ria d&#8217;Ajuts i Estades per al Personal Docent i Investigador<\/h2>\n\n\n\n<p class=\"wp-block-paragraph\">A causa del seu inter\u00e8s i al redu\u00eft terminis de sol\u00b7licitud, us <strong>informem dels ajuts per a contractes i estades del PDI que actualment estan obertes<\/strong>:<\/p>\n\n\n\n<ul class=\"wp-block-list\">\n<li><a href=\"https:\/\/www.aei.gob.es\/convocatorias\/buscador-convocatorias\/ayudas-contratos-ramon-cajal-ryc-2023\" target=\"_blank\" rel=\"noreferrer noopener\">Ajuts per a contractes Ram\u00f3n y Cajal (RYC) 2023<\/a><br>Terminis de sol\u00b7licitud: de l&#8217;11\/01\/2024 al 01\/02\/2024<\/li>\n<\/ul>\n\n\n\n<ul class=\"wp-block-list\">\n<li><a href=\"https:\/\/www.aei.gob.es\/convocatorias\/buscador-convocatorias\/proyectos-generacion-conocimiento-2023\" target=\"_blank\" rel=\"noreferrer noopener\">Projectes de Generaci\u00f3 de Coneixement 2023<\/a><br>Terminis de sol\u00b7licitud: 09\/01\/2024 &#8211; 30\/01\/2024 Hi haur\u00e0 un termini \u00fanic de presentaci\u00f3 de sol\u00b7licituds, del 9 al 30 de gener de 2024 a les 14:00:00 hores (hora peninsular espanyola).<\/li>\n<\/ul>\n\n\n\n<ul class=\"wp-block-list\">\n<li><a href=\"https:\/\/www.universidades.gob.es\/iue-salvador-de-madariaga-2024\" target=\"_blank\" rel=\"noreferrer noopener\">IUE &#8211; SALVADOR DE MADARIAGA 2024<\/a><br>Terminis de sol\u00b7licitud: Del 30 de desembre del 2023 al 31 de gener del 2024<\/li>\n<\/ul>\n\n\n\n<ul class=\"wp-block-list\">\n<li><a href=\"https:\/\/www.universidades.gob.es\/ayudas-a-la-movilidad-para-estancias-breves-y-traslados-temporales-de-beneficiarios-fpu-2024\/\" target=\"_blank\" rel=\"noreferrer noopener\">Ajudes complement\u00e0ries de mobilitat <\/a>destinades a beneficiaris del programa de formaci\u00f3 de professorat universitari (FPU)<br>Terminis de sol\u00b7licitud: Des del 22 de desembre del 2023 fins al 25 de gener del 2024 a les 14:00h.<\/li>\n<\/ul>\n\n\n\n<ul class=\"wp-block-list\">\n<li><a href=\"https:\/\/www.universidades.gob.es\/convocatoria-beatriz-galindo-2023\/\" target=\"_blank\" rel=\"noreferrer noopener\">Convocat\u00f2ria B. Galindos<\/a> d&#8217;ajudes per a l&#8217;atracci\u00f3 de talent investigador &#8211; 2023<br>Terminis de sol\u00b7licitud: Del 30 de desembre de 2023 al 28 de gener de 2024<\/li>\n<\/ul>\n\n\n\n<ul class=\"wp-block-list\">\n<li><a href=\"https:\/\/sede.educacion.gob.es\/sede\/filtrosso\/loginint.jjsp?sso=S&amp;idConvocatoria=2002\" target=\"_blank\" rel=\"noreferrer noopener\">Ajuts per a estades de mobilitat<\/a> a l&#8217;estranger Jos\u00e9 Castillejo per a joves doctors 2023<br>Terminis de sol\u00b7licitud: des del 17\/01\/24 fins al 7\/02\/24<\/li>\n<\/ul>\n\n\n\n<ul class=\"wp-block-list\">\n<li><a rel=\"noreferrer noopener\" href=\"https:\/\/sede.educacion.gob.es\/sede\/filtrosso\/loginint.jjsp?sso=S&amp;idConvocatoria=2003\" target=\"_blank\">Ajuts per a estades de personal docent i\/o investigador s\u00e8nior a centres estranger<\/a><a rel=\"noreferrer noopener\" href=\"https:\/\/sede.educacion.gob.es\/sede\/filtrosso\/loginint.jjsp?sso=S&amp;idConvocatoria=2003\" target=\"_blank\">s<\/a><a rel=\"noreferrer noopener\" href=\"https:\/\/sede.educacion.gob.es\/sede\/filtrosso\/loginint.jjsp?sso=S&amp;idConvocatoria=2003\" target=\"_blank\"> <\/a><a rel=\"noreferrer noopener\" href=\"https:\/\/sede.educacion.gob.es\/sede\/filtrosso\/loginint.jjsp?sso=S&amp;idConvocatoria=2003\" target=\"_blank\">2<\/a><a rel=\"noreferrer noopener\" href=\"https:\/\/sede.educacion.gob.es\/sede\/filtrosso\/loginint.jjsp?sso=S&amp;idConvocatoria=2003\" target=\"_blank\">0<\/a><a rel=\"noreferrer noopener\" href=\"https:\/\/sede.educacion.gob.es\/sede\/filtrosso\/loginint.jjsp?sso=S&amp;idConvocatoria=2003\" target=\"_blank\">2<\/a><a rel=\"noreferrer noopener\" href=\"https:\/\/sede.educacion.gob.es\/sede\/filtrosso\/loginint.jjsp?sso=S&amp;idConvocatoria=2003\" target=\"_blank\">3<\/a> <br>Terminis de sol\u00b7licitud: des del 17\/01\/24 fins al 7\/02\/24<\/li>\n<\/ul>\n\n\n\n<ul class=\"wp-block-list\">\n<li><a href=\"https:\/\/sede.educacion.gob.es\/sede\/login\/inicio.jjsp?idConvocatoria=1988\" target=\"_blank\" rel=\"noreferrer noopener\">Ajuts per a la formaci\u00f3 de professorat universitari FPU 2023<\/a><br>Terminis de sol\u00b7licitud: des del 17\/01\/24 fins al 15\/02\/24<\/li>\n<\/ul>\n\n\n\n<p class=\"wp-block-paragraph\"><\/p>\n","protected":false},"excerpt":{"rendered":"<p>Conscients que hi ha pendents transformacions necess\u00e0ries en el Sistema Espanyol de Ci\u00e8ncia, Tecnologia i Innovaci\u00f3 (SECTI), CSIF juntament amb diverses associacions i organitzacions sindicals sol\u00b7licitem establir un nou Pacte per la Ci\u00e8ncia centrat en quatre pilars fonamentals: Convocat\u00f2ria d&#8217;Ajuts i Estades per al Personal Docent i Investigador A causa del seu inter\u00e8s i al [&hellip;]<\/p>\n","protected":false},"author":1872,"featured_media":0,"comment_status":"closed","ping_status":"closed","sticky":false,"template":"","format":"standard","meta":{"footnotes":""},"categories":[5,7,4],"tags":[],"class_list":["post-244","post","type-post","status-publish","format-standard","hentry","category-informacio","category-pdi","category-reivindicacio"],"_links":{"self":[{"href":"https:\/\/webs.uab.cat\/csif\/wp-json\/wp\/v2\/posts\/244","targetHints":{"allow":["GET"]}}],"collection":[{"href":"https:\/\/webs.uab.cat\/csif\/wp-json\/wp\/v2\/posts"}],"about":[{"href":"https:\/\/webs.uab.cat\/csif\/wp-json\/wp\/v2\/types\/post"}],"author":[{"embeddable":true,"href":"https:\/\/webs.uab.cat\/csif\/wp-json\/wp\/v2\/users\/1872"}],"replies":[{"embeddable":true,"href":"https:\/\/webs.uab.cat\/csif\/wp-json\/wp\/v2\/comments?post=244"}],"version-history":[{"count":1,"href":"https:\/\/webs.uab.cat\/csif\/wp-json\/wp\/v2\/posts\/244\/revisions"}],"predecessor-version":[{"id":245,"href":"https:\/\/webs.uab.cat\/csif\/wp-json\/wp\/v2\/posts\/244\/revisions\/245"}],"wp:attachment":[{"href":"https:\/\/webs.uab.cat\/csif\/wp-json\/wp\/v2\/media?parent=244"}],"wp:term":[{"taxonomy":"category","embeddable":true,"href":"https:\/\/webs.uab.cat\/csif\/wp-json\/wp\/v2\/categories?post=244"},{"taxonomy":"post_tag","embeddable":true,"href":"https:\/\/webs.uab.cat\/csif\/wp-json\/wp\/v2\/tags?post=244"}],"curies":[{"name":"wp","href":"https:\/\/api.w.org\/{rel}","templated":true}]}}