{"id":347,"date":"2024-06-17T19:57:28","date_gmt":"2024-06-17T17:57:28","guid":{"rendered":"https:\/\/webs.uab.cat\/csif\/?p=347"},"modified":"2024-06-17T19:57:28","modified_gmt":"2024-06-17T17:57:28","slug":"eliminacio-de-la-taxa-de-reposicio","status":"publish","type":"post","link":"https:\/\/webs.uab.cat\/csif\/2024\/06\/17\/eliminacio-de-la-taxa-de-reposicio\/","title":{"rendered":"Eliminaci\u00f3 de la taxa de reposici\u00f3"},"content":{"rendered":"\n<p class=\"wp-block-paragraph\"><strong>CSIF exigeix \u200b\u200beliminar de manera immediata la taxa de reposici\u00f3 i portar\u00e0 als tribunals a les administracions que superin el 8% de temporalitat<\/strong><\/p>\n\n\n\n<ul class=\"wp-block-list\">\n<li>Desenes de milers de places estan pendents de cobrir des del 2020 i la majoria de les persones que van aprovar l&#8217;any passat esperen encara la seva designaci\u00f3 pel retard en els terminis.<\/li>\n\n\n\n<li>CSIF reclama sancions exemplars per als responsables de les administracions que incompleixin els terminis d&#8217;execuci\u00f3 de l&#8217;OEP i que segueixin abusant de la contractaci\u00f3 temporal.<\/li>\n<\/ul>\n\n\n\n<p class=\"wp-block-paragraph\">CSIF valora positivament la sent\u00e8ncia del Tribunal de Just\u00edcia de la Uni\u00f3 Europea (TJUE) coneguda el 13\/6, perqu\u00e8 posa una vegada m\u00e9s a evidencia l&#8217;ab\u00fas de la temporalitat que han fet les administracions espanyoles al llarg de la darrera d\u00e8cada. La taxa de reposici\u00f3 va impedir convocar ofertes de feina p\u00fablica i les administracions van abusar de la contractaci\u00f3 temporal. Es per aix\u00f2 que:<\/p>\n\n\n\n<ol class=\"wp-block-list\">\n<li>Manifestem la nostra solidaritat amb les persones afectades que han estat v\u00edctimes d&#8217;una situaci\u00f3 d&#8217;ab\u00fas i desemparament.<\/li>\n\n\n\n<li>Tal com estableix el TJUE, correspon als tribunals espanyols pronunciar-se sobre les mesures sancionadores que s&#8217;han d&#8217;imposar davant l&#8217;ab\u00fas, sempre que no contravinguin el dret nacional.<\/li>\n\n\n\n<li>En l&#8217;actualitat, Govern i les diferents administracions tampoc estan aplicant de manera adequada els terminis que marca la Llei. A m\u00e9s, la taxa de reposici\u00f3 perpetuar\u00e0 el problema i dificultar\u00e0 complir l&#8217;objectiu de reduir la interinitat al 8% a final d&#8217;any, per respondre a les exig\u00e8ncies de Brussel\u00b7les.<\/li>\n<\/ol>\n\n\n\n<p class=\"wp-block-paragraph\">Davant d&#8217;aquesta situaci\u00f3, CSIF demanen:<\/p>\n\n\n\n<ul class=\"wp-block-list\">\n<li>Eliminar de manera immediata la taxa de reposici\u00f3 perqu\u00e8 les administracions puguin planificar les necessitats, utilitzant nom\u00e9s de manera excepcional la contractaci\u00f3 temporal.<\/li>\n\n\n\n<li>Agilitzar els processos selectius amb mitjans materials i humans.<\/li>\n\n\n\n<li>Introduir sancions exemplars a administracions i responsables administratius que incompleixin.<\/li>\n<\/ul>\n\n\n\n<p class=\"wp-block-paragraph\">CSIF portar\u00e0 els tribunals a les administracions que incompleixin terminis i l&#8217;objectiu de reduir la temporalitat.<\/p>\n","protected":false},"excerpt":{"rendered":"<p>CSIF exigeix \u200b\u200beliminar de manera immediata la taxa de reposici\u00f3 i portar\u00e0 als tribunals a les administracions que superin el 8% de temporalitat CSIF valora positivament la sent\u00e8ncia del Tribunal de Just\u00edcia de la Uni\u00f3 Europea (TJUE) coneguda el 13\/6, perqu\u00e8 posa una vegada m\u00e9s a evidencia l&#8217;ab\u00fas de la temporalitat que han fet les [&hellip;]<\/p>\n","protected":false},"author":1872,"featured_media":0,"comment_status":"closed","ping_status":"closed","sticky":false,"template":"","format":"standard","meta":{"footnotes":""},"categories":[3,6,7,4],"tags":[],"class_list":["post-347","post","type-post","status-publish","format-standard","hentry","category-denuncia","category-pas","category-pdi","category-reivindicacio"],"_links":{"self":[{"href":"https:\/\/webs.uab.cat\/csif\/wp-json\/wp\/v2\/posts\/347","targetHints":{"allow":["GET"]}}],"collection":[{"href":"https:\/\/webs.uab.cat\/csif\/wp-json\/wp\/v2\/posts"}],"about":[{"href":"https:\/\/webs.uab.cat\/csif\/wp-json\/wp\/v2\/types\/post"}],"author":[{"embeddable":true,"href":"https:\/\/webs.uab.cat\/csif\/wp-json\/wp\/v2\/users\/1872"}],"replies":[{"embeddable":true,"href":"https:\/\/webs.uab.cat\/csif\/wp-json\/wp\/v2\/comments?post=347"}],"version-history":[{"count":1,"href":"https:\/\/webs.uab.cat\/csif\/wp-json\/wp\/v2\/posts\/347\/revisions"}],"predecessor-version":[{"id":348,"href":"https:\/\/webs.uab.cat\/csif\/wp-json\/wp\/v2\/posts\/347\/revisions\/348"}],"wp:attachment":[{"href":"https:\/\/webs.uab.cat\/csif\/wp-json\/wp\/v2\/media?parent=347"}],"wp:term":[{"taxonomy":"category","embeddable":true,"href":"https:\/\/webs.uab.cat\/csif\/wp-json\/wp\/v2\/categories?post=347"},{"taxonomy":"post_tag","embeddable":true,"href":"https:\/\/webs.uab.cat\/csif\/wp-json\/wp\/v2\/tags?post=347"}],"curies":[{"name":"wp","href":"https:\/\/api.w.org\/{rel}","templated":true}]}}