{"id":358,"date":"2024-07-02T09:16:32","date_gmt":"2024-07-02T07:16:32","guid":{"rendered":"https:\/\/webs.uab.cat\/csif\/?p=358"},"modified":"2024-07-02T09:16:32","modified_gmt":"2024-07-02T07:16:32","slug":"convocatories","status":"publish","type":"post","link":"https:\/\/webs.uab.cat\/csif\/2024\/07\/02\/convocatories\/","title":{"rendered":"Convocat\u00f2ries"},"content":{"rendered":"\n<h2 class=\"wp-block-heading\">Publicada la convocat\u00f2ria de Consolidaci\u00f3 Investigadora 2024<\/h2>\n\n\n\n<p>La finalitat d&#8217;aquestes ajudes \u00e9s fomentar la consolidaci\u00f3 de la carrera professional de persones investigadores, nacionals i estrangeres perqu\u00e8 puguin desenvolupar la seva carrera professional dins del Sistema Espanyol de Ci\u00e8ncia, Tecnologia i d&#8217;Innovaci\u00f3 (SECTI), incentivant la creaci\u00f3 de places de car\u00e0cter permanent i facilitant l&#8217;inici o la consolidaci\u00f3 d&#8217;una l\u00ednia de recerca (<a href=\"https:\/\/www.infosubvenciones.es\/bdnstrans\/GE\/es\/convocatoria\/763349\/document\/1092903\" data-type=\"link\" data-id=\"https:\/\/www.infosubvenciones.es\/bdnstrans\/GE\/es\/convocatoria\/763349\/document\/1092903\" target=\"_blank\" rel=\"noreferrer noopener\">convocat\u00f2ria<\/a>).<\/p>\n\n\n\n<p><strong>Presentaci\u00f3 i termini: <\/strong>des del 3 fins al 23 de juliol de 2024 a les 14.00 hores (hora peninsular espanyola). Les sol\u00b7licituds s&#8217;han de presentar electr\u00f2nicament a trav\u00e9s de l&#8217;aplicaci\u00f3 de sol\u00b7licitud (tant l&#8217;IP, com el representant legal de l&#8217;entitat sol\u00b7licitant). Ambdues aplicacions estan disponibles a la seu electr\u00f2nica del MICIU. <strong>Important:<\/strong> la CNS2024 estableix que l&#8217;investigador\/a principal (IP) sol\u00b7licitant de l&#8217;ajuda ha d&#8217;estar en possessi\u00f3 del <strong>certificat R3 o del certificat I3<\/strong> i el r\u00e8gim de participaci\u00f3 i compatibilitat que els IP no podran figurar en m\u00e9s d&#8217;una sol\u00b7licitud presentada a aquesta convocat\u00f2ria (ni anterior ja finan\u00e7ada) i no ser IP en una sol\u00b7licitud del programa ATRAE de l&#8217;Ag\u00e8ncia Estatal de Recerca (2024 o anterior).<\/p>\n\n\n\n<h2 class=\"wp-block-heading\">Publicat el Programa ATRAE 2024 per incentivar la incorporaci\u00f3 de talent investigador<\/h2>\n\n\n\n<p>La finalitat d&#8217;aquestes ajudes \u00e9s incentivar la incorporaci\u00f3 de personal investigador de prestigi internacional reconegut al Sistema Espanyol de Ci\u00e8ncia, Tecnologia i Innovaci\u00f3 (<a href=\"https:\/\/www.infosubvenciones.es\/bdnstrans\/GE\/es\/convocatoria\/763354\/document\/1092902\" data-type=\"link\" data-id=\"https:\/\/www.infosubvenciones.es\/bdnstrans\/GE\/es\/convocatoria\/763354\/document\/1092902\" target=\"_blank\" rel=\"noreferrer noopener\">convocat\u00f2ria<\/a>).<\/p>\n\n\n\n<p><strong>Termini<\/strong>: des del 2 fins al 24 de juliol de 2024 a les 14.00 hores (hora peninsular espanyola).<\/p>\n","protected":false},"excerpt":{"rendered":"<p>Publicada la convocat\u00f2ria de Consolidaci\u00f3 Investigadora 2024 La finalitat d&#8217;aquestes ajudes \u00e9s fomentar la consolidaci\u00f3 de la carrera professional de persones investigadores, nacionals i estrangeres perqu\u00e8 puguin desenvolupar la seva carrera professional dins del Sistema Espanyol de Ci\u00e8ncia, Tecnologia i d&#8217;Innovaci\u00f3 (SECTI), incentivant la creaci\u00f3 de places de car\u00e0cter permanent i facilitant l&#8217;inici o la [&hellip;]<\/p>\n","protected":false},"author":1872,"featured_media":0,"comment_status":"closed","ping_status":"closed","sticky":false,"template":"","format":"standard","meta":{"footnotes":""},"categories":[5,7],"tags":[],"class_list":["post-358","post","type-post","status-publish","format-standard","hentry","category-informacio","category-pdi"],"_links":{"self":[{"href":"https:\/\/webs.uab.cat\/csif\/wp-json\/wp\/v2\/posts\/358","targetHints":{"allow":["GET"]}}],"collection":[{"href":"https:\/\/webs.uab.cat\/csif\/wp-json\/wp\/v2\/posts"}],"about":[{"href":"https:\/\/webs.uab.cat\/csif\/wp-json\/wp\/v2\/types\/post"}],"author":[{"embeddable":true,"href":"https:\/\/webs.uab.cat\/csif\/wp-json\/wp\/v2\/users\/1872"}],"replies":[{"embeddable":true,"href":"https:\/\/webs.uab.cat\/csif\/wp-json\/wp\/v2\/comments?post=358"}],"version-history":[{"count":1,"href":"https:\/\/webs.uab.cat\/csif\/wp-json\/wp\/v2\/posts\/358\/revisions"}],"predecessor-version":[{"id":359,"href":"https:\/\/webs.uab.cat\/csif\/wp-json\/wp\/v2\/posts\/358\/revisions\/359"}],"wp:attachment":[{"href":"https:\/\/webs.uab.cat\/csif\/wp-json\/wp\/v2\/media?parent=358"}],"wp:term":[{"taxonomy":"category","embeddable":true,"href":"https:\/\/webs.uab.cat\/csif\/wp-json\/wp\/v2\/categories?post=358"},{"taxonomy":"post_tag","embeddable":true,"href":"https:\/\/webs.uab.cat\/csif\/wp-json\/wp\/v2\/tags?post=358"}],"curies":[{"name":"wp","href":"https:\/\/api.w.org\/{rel}","templated":true}]}}