{"id":58,"date":"2023-04-25T11:12:58","date_gmt":"2023-04-25T09:12:58","guid":{"rendered":"https:\/\/webs.uab.cat\/csif\/?p=58"},"modified":"2023-05-18T13:27:23","modified_gmt":"2023-05-18T11:27:23","slug":"nou-reial-decret-dacreditacio","status":"publish","type":"post","link":"https:\/\/webs.uab.cat\/csif\/2023\/04\/25\/nou-reial-decret-dacreditacio\/","title":{"rendered":"Nou Reial Decret d&#8217;Acreditaci\u00f3"},"content":{"rendered":"\n<p class=\"wp-block-paragraph\">Els darrers dies s&#8217;ha dif\u00f3s per algunes universitats un esborrany del futur RD pel qual es regular\u00e0 l&#8217;acreditaci\u00f3 estatal per a l&#8217;acc\u00e9s als cossos docents universitaris i el r\u00e8gim dels concursos d&#8217;acc\u00e9s als cossos esmentats. <\/p>\n\n\n\n<p class=\"wp-block-paragraph\">Amb l&#8217;entrada en vigor de la LOSU (12\/4), el Ministeri d&#8217;Universitats vol avan\u00e7ar en la normativa que la desenvolupa i un dels primers passos \u00e9s el RD d&#8217;acreditaci\u00f3. <\/p>\n\n\n\n<p class=\"wp-block-paragraph\">Si b\u00e9 encara no \u00e9s un text definitiu (i que va una mica tard) hi haur\u00e0 canvis i modificacions, no obstant no som gaire optimistes en relaci\u00f3 a les modificacions de l&#8217;ANECA en els processos d&#8217;acreditaci\u00f3.<\/p>\n\n\n\n<p class=\"wp-block-paragraph\">Des del CSIF estem participant en aquestes deliberacions  i volem: <\/p>\n\n\n\n<ul class=\"wp-block-list\"><li>Que sigui una acreditaci\u00f3 universal que contempli totes les \u00e0rees de coneixement actuals. <\/li><li>Un sistema que permeti que l&#8217;actual i el nou puguin conviure durant diversos anys (per no canviar les regles de joc a mig cam\u00ed). <\/li><li>Que, com indica la LOSU, reculli el dret del professorat amb un perfil marcadament multidisciplinari a ser avaluat de manera global i adequada a aquestes circumst\u00e0ncies i no per una sola comissi\u00f3 d&#8217;avaluaci\u00f3. <\/li><li>Que incorporin millores en els mecanismes de coordinaci\u00f3 i de funcionament intern de les diferents comissions d&#8217;avaluaci\u00f3 per tal d&#8217;eliminar l&#8217;arbitrarietat actual i se&#8217;n garanteixi la coher\u00e8ncia en el funcionament i en els resultats de les avaluacions. <\/li><li>Que hi hagi una millor consideraci\u00f3 dels sexennis en els processos d&#8217;acreditaci\u00f3. <\/li><\/ul>\n\n\n\n<p class=\"wp-block-paragraph\">Des de CSIF us farem arribar el document quan estigui disponible per\u00f2, fins aquest moment, farem tot el possible per a que sigui un sistema m\u00e9s just, accessible i raonable. Un sistema que acabi amb el menyspreu al personal docent i investigador en el proc\u00e9s d&#8217;acreditaci\u00f3 i que s&#8217;ha demostrat injust, a vegades subjectiu\/arbitrari i sempre amb un proc\u00e9s burocr\u00e0tic tedi\u00f3s. <\/p>\n","protected":false},"excerpt":{"rendered":"<p>Els darrers dies s&#8217;ha dif\u00f3s per algunes universitats un esborrany del futur RD pel qual es regular\u00e0 l&#8217;acreditaci\u00f3 estatal per a l&#8217;acc\u00e9s als cossos docents universitaris i el r\u00e8gim dels concursos d&#8217;acc\u00e9s als cossos esmentats. Amb l&#8217;entrada en vigor de la LOSU (12\/4), el Ministeri d&#8217;Universitats vol avan\u00e7ar en la normativa que la desenvolupa i [&hellip;]<\/p>\n","protected":false},"author":1872,"featured_media":0,"comment_status":"closed","ping_status":"closed","sticky":false,"template":"","format":"standard","meta":{"footnotes":""},"categories":[5,7],"tags":[],"class_list":["post-58","post","type-post","status-publish","format-standard","hentry","category-informacio","category-pdi"],"_links":{"self":[{"href":"https:\/\/webs.uab.cat\/csif\/wp-json\/wp\/v2\/posts\/58","targetHints":{"allow":["GET"]}}],"collection":[{"href":"https:\/\/webs.uab.cat\/csif\/wp-json\/wp\/v2\/posts"}],"about":[{"href":"https:\/\/webs.uab.cat\/csif\/wp-json\/wp\/v2\/types\/post"}],"author":[{"embeddable":true,"href":"https:\/\/webs.uab.cat\/csif\/wp-json\/wp\/v2\/users\/1872"}],"replies":[{"embeddable":true,"href":"https:\/\/webs.uab.cat\/csif\/wp-json\/wp\/v2\/comments?post=58"}],"version-history":[{"count":1,"href":"https:\/\/webs.uab.cat\/csif\/wp-json\/wp\/v2\/posts\/58\/revisions"}],"predecessor-version":[{"id":59,"href":"https:\/\/webs.uab.cat\/csif\/wp-json\/wp\/v2\/posts\/58\/revisions\/59"}],"wp:attachment":[{"href":"https:\/\/webs.uab.cat\/csif\/wp-json\/wp\/v2\/media?parent=58"}],"wp:term":[{"taxonomy":"category","embeddable":true,"href":"https:\/\/webs.uab.cat\/csif\/wp-json\/wp\/v2\/categories?post=58"},{"taxonomy":"post_tag","embeddable":true,"href":"https:\/\/webs.uab.cat\/csif\/wp-json\/wp\/v2\/tags?post=58"}],"curies":[{"name":"wp","href":"https:\/\/api.w.org\/{rel}","templated":true}]}}