{"id":750,"date":"2026-01-14T12:31:18","date_gmt":"2026-01-14T10:31:18","guid":{"rendered":"https:\/\/webs.uab.cat\/csif\/?p=750"},"modified":"2026-01-14T12:31:18","modified_gmt":"2026-01-14T10:31:18","slug":"reunio-de-la-mu-increments-salarials-de-2025-26","status":"publish","type":"post","link":"https:\/\/webs.uab.cat\/csif\/2026\/01\/14\/reunio-de-la-mu-increments-salarials-de-2025-26\/","title":{"rendered":"Reuni\u00f3 de la MU: increments salarials de 2025\/26"},"content":{"rendered":"\n<p class=\"wp-block-paragraph\">Ahir, 13 de gener, la Mesa d\u2019Universitats es va reunir per concretar l\u2019aplicaci\u00f3 dels increments salarials previstos pels RD2025 o s&#8217;indiquen els increments acordats i que ja us vam informar:<\/p>\n\n\n\n<ul class=\"wp-block-list\">\n<li><strong>2025:<\/strong> Un <strong>2,5%<\/strong> consolidable amb efectes des de l&#8217;1 de gener de 2025.<\/li>\n\n\n\n<li><strong>2026:<\/strong> Un <strong>1,5%<\/strong> addicional amb efectes des de l&#8217;1 de gener de 2026.<\/li>\n<\/ul>\n\n\n\n<p class=\"wp-block-paragraph\">Per tot aix\u00f2 s\u2019ha definit el seg\u00fcent calendari (\u00e9s va demanar que es vegin reflectits a la n\u00f2mina de gener o tots dos alhora per\u00f2, segon les universitats i els sistemes de gesti\u00f3 de n\u00f2mines, aix\u00f2 no \u00e9s possible):<\/p>\n\n\n\n<ul class=\"wp-block-list\">\n<li><strong>Increment del 2,5% per a 2025:<\/strong> Es cobrar\u00e0 a la <strong>n\u00f2mina de febrer de 2026<\/strong>, incloent-hi la retroactivitat des de l&#8217;1 de gener de 2025.<\/li>\n\n\n\n<li><strong>Increment de l&#8217;1,5% per a 2026:<\/strong> Es cobrar\u00e0 a la <strong>n\u00f2mina de mar\u00e7 de 2026<\/strong>, amb efectes des de l&#8217;1 de gener de 2026.<\/li>\n<\/ul>\n\n\n\n<p class=\"wp-block-paragraph\">En aquestes n\u00f2mines es veuran tant el nou import com els endarreriments corresponents. S&#8217;ha informat tamb\u00e9 que la percepci\u00f3 d\u2019aquests increments i dels retroactius <strong>no requereix<\/strong> que els treballadors presentin declaracions complement\u00e0ries a Hisenda. <\/p>\n","protected":false},"excerpt":{"rendered":"<p>Ahir, 13 de gener, la Mesa d\u2019Universitats es va reunir per concretar l\u2019aplicaci\u00f3 dels increments salarials previstos pels RD2025 o s&#8217;indiquen els increments acordats i que ja us vam informar: Per tot aix\u00f2 s\u2019ha definit el seg\u00fcent calendari (\u00e9s va demanar que es vegin reflectits a la n\u00f2mina de gener o tots dos alhora per\u00f2, [&hellip;]<\/p>\n","protected":false},"author":1872,"featured_media":0,"comment_status":"closed","ping_status":"closed","sticky":false,"template":"","format":"standard","meta":{"footnotes":""},"categories":[5,7,9],"tags":[],"class_list":["post-750","post","type-post","status-publish","format-standard","hentry","category-informacio","category-pdi","category-ptgas"],"_links":{"self":[{"href":"https:\/\/webs.uab.cat\/csif\/wp-json\/wp\/v2\/posts\/750","targetHints":{"allow":["GET"]}}],"collection":[{"href":"https:\/\/webs.uab.cat\/csif\/wp-json\/wp\/v2\/posts"}],"about":[{"href":"https:\/\/webs.uab.cat\/csif\/wp-json\/wp\/v2\/types\/post"}],"author":[{"embeddable":true,"href":"https:\/\/webs.uab.cat\/csif\/wp-json\/wp\/v2\/users\/1872"}],"replies":[{"embeddable":true,"href":"https:\/\/webs.uab.cat\/csif\/wp-json\/wp\/v2\/comments?post=750"}],"version-history":[{"count":1,"href":"https:\/\/webs.uab.cat\/csif\/wp-json\/wp\/v2\/posts\/750\/revisions"}],"predecessor-version":[{"id":751,"href":"https:\/\/webs.uab.cat\/csif\/wp-json\/wp\/v2\/posts\/750\/revisions\/751"}],"wp:attachment":[{"href":"https:\/\/webs.uab.cat\/csif\/wp-json\/wp\/v2\/media?parent=750"}],"wp:term":[{"taxonomy":"category","embeddable":true,"href":"https:\/\/webs.uab.cat\/csif\/wp-json\/wp\/v2\/categories?post=750"},{"taxonomy":"post_tag","embeddable":true,"href":"https:\/\/webs.uab.cat\/csif\/wp-json\/wp\/v2\/tags?post=750"}],"curies":[{"name":"wp","href":"https:\/\/api.w.org\/{rel}","templated":true}]}}