{"id":752,"date":"2026-01-15T15:12:14","date_gmt":"2026-01-15T13:12:14","guid":{"rendered":"https:\/\/webs.uab.cat\/csif\/?p=752"},"modified":"2026-01-15T15:14:14","modified_gmt":"2026-01-15T13:14:14","slug":"ajuts-fpu-2025-i-ajuts-complementaris-de-mobilitat-fpu","status":"publish","type":"post","link":"https:\/\/webs.uab.cat\/csif\/2026\/01\/15\/ajuts-fpu-2025-i-ajuts-complementaris-de-mobilitat-fpu\/","title":{"rendered":"Ajuts FPU 2025 i Ajuts Complementaris de Mobilitat FPU"},"content":{"rendered":"\n<blockquote class=\"wp-block-quote is-layout-flow wp-block-quote-is-layout-flow\">\n<ul class=\"wp-block-list\">\n<li>S&#8217;ha <a href=\"https:\/\/www.boe.es\/boe\/dias\/2026\/01\/10\/pdfs\/BOE-B-2026-444.pdf\" data-type=\"link\" data-id=\"https:\/\/www.boe.es\/boe\/dias\/2026\/01\/10\/pdfs\/BOE-B-2026-444.pdf\" target=\"_blank\" rel=\"noreferrer noopener\">publicat l&#8217;Ordre Ministerial<\/a> per la qual s&#8217;aprova per tramitaci\u00f3 anticipada la Convocat\u00f2ria d&#8217;Ajuts per a la Formaci\u00f3 de Professorat Universitari (FPU) en el marc del Pla Estatal de Recerca Cient\u00edfica, T\u00e8cnica i d&#8217;Innovaci\u00f3 (PEICTI) 2024-2027.<\/li>\n<\/ul>\n<\/blockquote>\n\n\n\n<p class=\"Dimension has-small-font-size wp-block-paragraph\"><a href=\"https:\/\/www.ciencia.gob.es\/Convocatorias\/2026\/FPU2025.html\" data-type=\"link\" data-id=\"https:\/\/www.ciencia.gob.es\/Convocatorias\/2026\/FPU2025.html\" target=\"_blank\" rel=\"noreferrer noopener\">Al Web de la convocat\u00f2ria<\/a> del Ministeri de Ci\u00e8ncia, Innovaci\u00f3 i Universitats (MICIU) trobareu  l&#8217;enlla\u00e7 a la Sol\u00b7licitud i la informaci\u00f3 de les bases de la convocat\u00f2ria. Per aquesta edici\u00f3 es convoquen 870 ajuts dels quals 43 es reserven a estudiants amb una discapacitat igual o superior al 33%.<\/p>\n\n\n\n<p class=\"has-small-font-size wp-block-paragraph\">S\u00f3n ajudes destinades a finan\u00e7ar contractes predoctorals d&#8217;acord amb el que estableix l&#8217;art. 7 del Reial decret 103\/2019 que regula l&#8217;Estatut del Personal Investigador en Formaci\u00f3 (EPIF). El contracte predoctoral tindr\u00e0 com a retribucions m\u00ednimes anuals 25.116 euros en 12 mensualitats i 2 pagues extraordin\u00e0ries. Aquests ajuts tenen per objecte la formalitzaci\u00f3 de contractes predoctorals als centres d&#8217;adscripci\u00f3, amb una durada de quatre anys, llevat que sigui una persona amb discapacitat, i en aquest cas l&#8217;ajut pot tenir una durada de sis anys.<\/p>\n\n\n\n<ul class=\"wp-block-list\">\n<li class=\"has-small-font-size\">Termini de presentaci\u00f3 de sol\u00b7licituds: des del 16 de gener fins al 14 de febrer de 2026 a les 14:00 hores (horari peninsular) ambd\u00f3s inclosos.<\/li>\n\n\n\n<li class=\"has-small-font-size\">Presentaci\u00f3 de sol\u00b7licituds: les sol\u00b7licituds s&#8217;emplenaran en els formularis que, el Ministeri de Ci\u00e8ncia, Innovaci\u00f3 i Universitats far\u00e0 accessibles a la seva seu electr\u00f2nica.<\/li>\n<\/ul>\n\n\n\n<blockquote class=\"wp-block-quote is-layout-flow wp-block-quote-is-layout-flow\">\n<ul class=\"wp-block-list\">\n<li><a href=\"https:\/\/www.boe.es\/boe\/dias\/2026\/01\/10\/pdfs\/BOE-B-2026-445.pdf\" data-type=\"link\" data-id=\"https:\/\/www.boe.es\/boe\/dias\/2026\/01\/10\/pdfs\/BOE-B-2026-445.pdf\" target=\"_blank\" rel=\"noreferrer noopener\">Resoluci\u00f3 de la Secretaria d&#8217;Estat de Ci\u00e8ncia, Innovaci\u00f3 i Universitats, per la qual s&#8217;aprova per tramitaci\u00f3 anticipada la <strong>Convocat\u00f2ria d&#8217;Ajuts Complementaris<\/strong><\/a> destinats a beneficiaris d&#8217;ajudes de Formaci\u00f3 del Professorat Universitari corresponent a l&#8217;any 2025.<\/li>\n<\/ul>\n<\/blockquote>\n\n\n\n<p class=\"has-small-font-size wp-block-paragraph\">Aquests ajuts complementaris de mobilitat estan destinats a beneficiaris d&#8217;ajuts FPU per a estades breus en centres estrangers, i excepcionalment espanyols, i trasllats temporals a centres estrangers. Les caracter\u00edstiques dels ajuts complementaris son: <\/p>\n\n\n\n<ul class=\"wp-block-list\">\n<li class=\"has-small-font-size\">Un ajut mensual per a despeses d&#8217;allotjament i manutenci\u00f3 per un m\u00e0xim de 1.500 \u20ac, complement\u00e0ria a l&#8217;ajut per a contracte.<\/li>\n\n\n\n<li class=\"has-small-font-size\">Un ajut per a despeses de viatge, un m\u00e0xim de 600 \u20ac, quan el lloc de destinaci\u00f3 sigui un pa\u00eds d&#8217;Europa; i un m\u00e0xim de 1.200\u20ac, quan el lloc de destinaci\u00f3 sigui un pa\u00eds de la resta del m\u00f3n.<\/li>\n\n\n\n<li class=\"has-small-font-size\">Un ajut de fins a 200 \u20ac mensuals per a asseguran\u00e7a d&#8217;assist\u00e8ncia m\u00e8dica i accidents, contractat pel centre d&#8217;adscripci\u00f3, per als beneficiaris que es desplacen a pa\u00efsos on no tingui validesa la targeta sanit\u00e0ria europea.<\/li>\n\n\n\n<li class=\"has-small-font-size\">Termini de presentaci\u00f3 de sol\u00b7licituds: des del 16 de gener de 2026 i s&#8217;estendr\u00e0 fins al 13 de febrer de 2026, a les 14:00 hores (horari peninsular) ambd\u00f3s inclosos.<\/li>\n<\/ul>\n\n\n\n<p class=\"has-small-font-size wp-block-paragraph\">Les sol\u00b7licituds s&#8217;emplenaran als formularis que el Ministeri de Ci\u00e8ncia, Innovaci\u00f3 i Universitats far\u00e0 accessible a la seu electr\u00f2nica <a href=\"https:\/\/sede.educacion.gob.es\" target=\"_blank\" rel=\"noreferrer noopener\">https:\/\/sede.educacion.gob.es<\/a><\/p>\n\n\n\n<p class=\"wp-block-paragraph\"><\/p>\n","protected":false},"excerpt":{"rendered":"<p>Al Web de la convocat\u00f2ria del Ministeri de Ci\u00e8ncia, Innovaci\u00f3 i Universitats (MICIU) trobareu l&#8217;enlla\u00e7 a la Sol\u00b7licitud i la informaci\u00f3 de les bases de la convocat\u00f2ria. Per aquesta edici\u00f3 es convoquen 870 ajuts dels quals 43 es reserven a estudiants amb una discapacitat igual o superior al 33%. S\u00f3n ajudes destinades a finan\u00e7ar contractes [&hellip;]<\/p>\n","protected":false},"author":1872,"featured_media":0,"comment_status":"closed","ping_status":"closed","sticky":false,"template":"","format":"standard","meta":{"footnotes":""},"categories":[5,7],"tags":[],"class_list":["post-752","post","type-post","status-publish","format-standard","hentry","category-informacio","category-pdi"],"_links":{"self":[{"href":"https:\/\/webs.uab.cat\/csif\/wp-json\/wp\/v2\/posts\/752","targetHints":{"allow":["GET"]}}],"collection":[{"href":"https:\/\/webs.uab.cat\/csif\/wp-json\/wp\/v2\/posts"}],"about":[{"href":"https:\/\/webs.uab.cat\/csif\/wp-json\/wp\/v2\/types\/post"}],"author":[{"embeddable":true,"href":"https:\/\/webs.uab.cat\/csif\/wp-json\/wp\/v2\/users\/1872"}],"replies":[{"embeddable":true,"href":"https:\/\/webs.uab.cat\/csif\/wp-json\/wp\/v2\/comments?post=752"}],"version-history":[{"count":5,"href":"https:\/\/webs.uab.cat\/csif\/wp-json\/wp\/v2\/posts\/752\/revisions"}],"predecessor-version":[{"id":757,"href":"https:\/\/webs.uab.cat\/csif\/wp-json\/wp\/v2\/posts\/752\/revisions\/757"}],"wp:attachment":[{"href":"https:\/\/webs.uab.cat\/csif\/wp-json\/wp\/v2\/media?parent=752"}],"wp:term":[{"taxonomy":"category","embeddable":true,"href":"https:\/\/webs.uab.cat\/csif\/wp-json\/wp\/v2\/categories?post=752"},{"taxonomy":"post_tag","embeddable":true,"href":"https:\/\/webs.uab.cat\/csif\/wp-json\/wp\/v2\/tags?post=752"}],"curies":[{"name":"wp","href":"https:\/\/api.w.org\/{rel}","templated":true}]}}