{"id":773,"date":"2026-02-25T09:54:00","date_gmt":"2026-02-25T07:54:00","guid":{"rendered":"https:\/\/webs.uab.cat\/csif\/?p=773"},"modified":"2026-02-25T09:54:00","modified_gmt":"2026-02-25T07:54:00","slug":"ajudes-per-a-la-preparacio-i-gestio-de-projectes-europeus","status":"publish","type":"post","link":"https:\/\/webs.uab.cat\/csif\/2026\/02\/25\/ajudes-per-a-la-preparacio-i-gestio-de-projectes-europeus\/","title":{"rendered":"Ajudes per a la preparaci\u00f3 i gesti\u00f3 de projectes europeus"},"content":{"rendered":"\n<p class=\"wp-block-paragraph\"><a href=\"https:\/\/www.boe.es\/boe\/dias\/2026\/02\/20\/pdfs\/BOE-B-2026-5060.pdf\" data-type=\"link\" data-id=\"https:\/\/www.boe.es\/boe\/dias\/2026\/02\/20\/pdfs\/BOE-B-2026-5060.pdf\" target=\"_blank\" rel=\"noreferrer noopener\">BOE 20\/2\/2026: <\/a>Convocat\u00f2ria 2026 de les ajudes per a la preparaci\u00f3 i gesti\u00f3 de projectes europeus i facilitar l&#8217;atracci\u00f3 de talent internacional<\/p>\n\n\n\n<p class=\"wp-block-paragraph\">Aquesta convocat\u00f2ria t\u00e9 per objectiu refor\u00e7ar les estructures institucionals per a la promoci\u00f3, preparaci\u00f3, suport i gesti\u00f3 de projectes internacionals, especialment dins del <em>Programa Horizonte Europa<\/em> i proveir a les institucions d&#8217;eines per a la captaci\u00f3, incorporaci\u00f3 i consolidaci\u00f3 de personal investigador o t\u00e8cnic internacional.<\/p>\n\n\n\n<p class=\"wp-block-paragraph\">La convocat\u00f2ria disposa de fins a 11.900.000 euros i termini de presentaci\u00f3 \u00e9s el 5 de mar\u00e7 al 26 de mar\u00e7 de 2026 a les 14:00 h per presentaci\u00f3 telem\u00e0tica a la seu electr\u00f2nica de l&#8217;Ag\u00e8ncia Estatal d&#8217;Investigaci\u00f3.<\/p>\n\n\n\n<p class=\"wp-block-paragraph\"><\/p>\n","protected":false},"excerpt":{"rendered":"<p>BOE 20\/2\/2026: Convocat\u00f2ria 2026 de les ajudes per a la preparaci\u00f3 i gesti\u00f3 de projectes europeus i facilitar l&#8217;atracci\u00f3 de talent internacional Aquesta convocat\u00f2ria t\u00e9 per objectiu refor\u00e7ar les estructures institucionals per a la promoci\u00f3, preparaci\u00f3, suport i gesti\u00f3 de projectes internacionals, especialment dins del Programa Horizonte Europa i proveir a les institucions d&#8217;eines per [&hellip;]<\/p>\n","protected":false},"author":1872,"featured_media":0,"comment_status":"closed","ping_status":"closed","sticky":false,"template":"","format":"standard","meta":{"footnotes":""},"categories":[5,7],"tags":[],"class_list":["post-773","post","type-post","status-publish","format-standard","hentry","category-informacio","category-pdi"],"_links":{"self":[{"href":"https:\/\/webs.uab.cat\/csif\/wp-json\/wp\/v2\/posts\/773","targetHints":{"allow":["GET"]}}],"collection":[{"href":"https:\/\/webs.uab.cat\/csif\/wp-json\/wp\/v2\/posts"}],"about":[{"href":"https:\/\/webs.uab.cat\/csif\/wp-json\/wp\/v2\/types\/post"}],"author":[{"embeddable":true,"href":"https:\/\/webs.uab.cat\/csif\/wp-json\/wp\/v2\/users\/1872"}],"replies":[{"embeddable":true,"href":"https:\/\/webs.uab.cat\/csif\/wp-json\/wp\/v2\/comments?post=773"}],"version-history":[{"count":1,"href":"https:\/\/webs.uab.cat\/csif\/wp-json\/wp\/v2\/posts\/773\/revisions"}],"predecessor-version":[{"id":774,"href":"https:\/\/webs.uab.cat\/csif\/wp-json\/wp\/v2\/posts\/773\/revisions\/774"}],"wp:attachment":[{"href":"https:\/\/webs.uab.cat\/csif\/wp-json\/wp\/v2\/media?parent=773"}],"wp:term":[{"taxonomy":"category","embeddable":true,"href":"https:\/\/webs.uab.cat\/csif\/wp-json\/wp\/v2\/categories?post=773"},{"taxonomy":"post_tag","embeddable":true,"href":"https:\/\/webs.uab.cat\/csif\/wp-json\/wp\/v2\/tags?post=773"}],"curies":[{"name":"wp","href":"https:\/\/api.w.org\/{rel}","templated":true}]}}