{"id":777,"date":"2026-02-26T12:36:50","date_gmt":"2026-02-26T10:36:50","guid":{"rendered":"https:\/\/webs.uab.cat\/csif\/?p=777"},"modified":"2026-02-26T12:36:50","modified_gmt":"2026-02-26T10:36:50","slug":"model-catedres-uab","status":"publish","type":"post","link":"https:\/\/webs.uab.cat\/csif\/2026\/02\/26\/model-catedres-uab\/","title":{"rendered":"Model c\u00e0tedres UAB"},"content":{"rendered":"\n<p>Despr\u00e9s d\u2019intentar obtenir-les sense \u00e8xit per altres vies, com secci\u00f3 sindical hem rebut les dades que vam sol\u00b7licitar el 10\/12\/2025 mitjan\u00e7ant el Portal de Transpar\u00e8ncia de la UAB (<a href=\"https:\/\/www.uab.cat\/transparencia\/\" target=\"_blank\" rel=\"noreferrer noopener\">https:\/\/www.uab.cat\/transparencia\/<\/a>) que inclouen dates reals d\u2019acreditaci\u00f3 a c\u00e0tedra, punts atorgats segons l\u2019aplicaci\u00f3 del model i el desglossament de c\u00e0rrecs i per\u00edodes d\u2019exercici que els generen.<\/p>\n\n\n\n<p>Al respecte cal indicar que, si s\u2019hagu\u00e9s aplicat <strong>\u00fanicament el criteri d\u2019antiguitat<\/strong>, les persones que actualment estarien pendents de pla\u00e7a a la UAB serien les acreditades amb posterioritat al setembre de 2023 i cap persona acreditada els anys 2024 o 2025 figuraria a la llista definitiva. En la llista definitiva actual hi consten 12 persones la data real d\u2019acreditaci\u00f3 dels anys 2024 i 2025.<\/p>\n\n\n\n<p>L\u2019increment m\u00e9s elevat atorgat en forma de punts \u2014cal assenyalar que no hem sol\u00b7licitat dades personals relatives a possibles punts per baixes per malaltia o maternitat, de manera que algun per\u00edode podria derivar d\u2019aquestes situacions\u2014 ha estat equivalent a <strong>set anys addicionals d\u2019antiguitat.<\/strong> En altres casos, l\u2019increment en la data d\u2019acreditaci\u00f3 ha estat de sis o cinc anys.<\/p>\n\n\n\n<p>En aquest context, mentre el model continu\u00ef vigent, les persones que ja estan acreditades \u2014i que, per aquest motiu, ja no poden \u201cacumular\u201d m\u00e9s punts de gesti\u00f3, encara que en continu\u00efn exercint\u2014 probablement es veuran despla\u00e7ades, en un futur m\u00e9s o menys immediat, per companys\/es que s\u2019acreditin al llarg d\u2019aquest any 2026. En una futura llista d\u2019antiguitat prioritzada en qu\u00e8 es continu\u00ef reconeixent un mes per punt de la gesti\u00f3 exercida entre la data d\u2019obtenci\u00f3 del doctorat i la d\u2019acreditaci\u00f3, aquestes persones podrien arribar, amb una data d\u2019acreditaci\u00f3 real de 2026, a tenir una \u201cdata d\u2019acreditaci\u00f3 prioritzada\u201d en llista situada el 2020, o fins i tot anterior.<\/p>\n\n\n\n<p>Des de CSIF, considerem urgent que el model aprovat pel Consell de Govern del 25\/09\/2025 deixi d\u2019estar vigent ja que no \u00e9s un model just. Per tot aix\u00f2 es va presentar un recurs contenci\u00f3s administratiu que es complementa amb un altre presentat al m\u00e9s de gener.<\/p>\n\n\n\n<p><\/p>\n","protected":false},"excerpt":{"rendered":"<p>Despr\u00e9s d\u2019intentar obtenir-les sense \u00e8xit per altres vies, com secci\u00f3 sindical hem rebut les dades que vam sol\u00b7licitar el 10\/12\/2025 mitjan\u00e7ant el Portal de Transpar\u00e8ncia de la UAB (https:\/\/www.uab.cat\/transparencia\/) que inclouen dates reals d\u2019acreditaci\u00f3 a c\u00e0tedra, punts atorgats segons l\u2019aplicaci\u00f3 del model i el desglossament de c\u00e0rrecs i per\u00edodes d\u2019exercici que els generen. Al respecte [&hellip;]<\/p>\n","protected":false},"author":1872,"featured_media":0,"comment_status":"closed","ping_status":"closed","sticky":false,"template":"","format":"standard","meta":{"footnotes":""},"categories":[5,7,4],"tags":[],"class_list":["post-777","post","type-post","status-publish","format-standard","hentry","category-informacio","category-pdi","category-reivindicacio"],"_links":{"self":[{"href":"https:\/\/webs.uab.cat\/csif\/wp-json\/wp\/v2\/posts\/777","targetHints":{"allow":["GET"]}}],"collection":[{"href":"https:\/\/webs.uab.cat\/csif\/wp-json\/wp\/v2\/posts"}],"about":[{"href":"https:\/\/webs.uab.cat\/csif\/wp-json\/wp\/v2\/types\/post"}],"author":[{"embeddable":true,"href":"https:\/\/webs.uab.cat\/csif\/wp-json\/wp\/v2\/users\/1872"}],"replies":[{"embeddable":true,"href":"https:\/\/webs.uab.cat\/csif\/wp-json\/wp\/v2\/comments?post=777"}],"version-history":[{"count":1,"href":"https:\/\/webs.uab.cat\/csif\/wp-json\/wp\/v2\/posts\/777\/revisions"}],"predecessor-version":[{"id":778,"href":"https:\/\/webs.uab.cat\/csif\/wp-json\/wp\/v2\/posts\/777\/revisions\/778"}],"wp:attachment":[{"href":"https:\/\/webs.uab.cat\/csif\/wp-json\/wp\/v2\/media?parent=777"}],"wp:term":[{"taxonomy":"category","embeddable":true,"href":"https:\/\/webs.uab.cat\/csif\/wp-json\/wp\/v2\/categories?post=777"},{"taxonomy":"post_tag","embeddable":true,"href":"https:\/\/webs.uab.cat\/csif\/wp-json\/wp\/v2\/tags?post=777"}],"curies":[{"name":"wp","href":"https:\/\/api.w.org\/{rel}","templated":true}]}}