{"id":807,"date":"2026-04-07T15:33:58","date_gmt":"2026-04-07T13:33:58","guid":{"rendered":"https:\/\/webs.uab.cat\/csif\/?p=807"},"modified":"2026-04-07T15:35:24","modified_gmt":"2026-04-07T13:35:24","slug":"decret-despecialitats-i-ambits-de-coneixement","status":"publish","type":"post","link":"https:\/\/webs.uab.cat\/csif\/2026\/04\/07\/decret-despecialitats-i-ambits-de-coneixement\/","title":{"rendered":"Decret d&#8217;especialitats i \u00e0mbits de coneixement"},"content":{"rendered":"\n<p class=\"wp-block-paragraph\">S&#8217;obre un per\u00edode de participaci\u00f3 p\u00fablica fins al <strong>15 d&#8217;abril<\/strong> del Reial decret d&#8217;especialitats i \u00e0mbits de coneixement:<\/p>\n\n\n\n<p class=\"wp-block-paragraph\"><a href=\"https:\/\/www.ciencia.gob.es\/Convocatorias\/Participacion-Publica\/Consulta-publica-previa\/2026\/CPP_RD_EspecialidadesConocimiento.html\" target=\"_blank\" rel=\"noreferrer noopener\">https:\/\/www.ciencia.gob.es\/Convocatorias\/Participacion-Publica\/Consulta-publica-previa\/2026\/CPP_RD_EspecialidadesConocimiento.html<\/a><\/p>\n\n\n\n<p class=\"wp-block-paragraph\">Donades les expectatives que ha despertat el projecte de RD pel qual es determinen les especialitats de coneixement als efectes de l&#8217;establiment dels perfils de les places de professorat universitari de la universitat p\u00fablica i els \u00e0mbits del coneixement als efectes de l&#8217;adscripci\u00f3 dels llocs de treball del professorat universitari (que modifica el RD898\/1985, de 30 d&#8217;abril) s&#8217;ha obert el tr\u00e0mit d&#8217;informaci\u00f3 p\u00fablica entre l&#8217;1 al 15 d&#8217;abril i les contribucions podran enviar-se a la seg\u00fcent adre\u00e7a de correu electr\u00f2nic: gabinete.sgu@ciencia.gob.es<\/p>\n\n\n\n<p class=\"wp-block-paragraph\">CSIF ja ha traslladat en diverses ocasions les queixes que ha recollit del contingut d&#8217;aquest projecte en determinades \u00e0rees. \u00c9s per aix\u00f2 que us fem un resum de les propostes enviades a la Secretaria General d&#8217;Universitats del Ministeri de Ci\u00e8ncia, Innovaci\u00f3 i Universitats recollint moltes de les al\u00b7legacions i suggeriments que s&#8217;han enviat a CSIF des de Facultats, Escoles, Associacions, Col\u00b7lectius i nombr\u00f3s Personal Docent i Investigador a nivell particular.<\/p>\n\n\n\n<p class=\"wp-block-paragraph\"><strong>En la relaci\u00f3 entre especialitats i \u00e0mbits cal eliminar ambig\u00fcitats<\/strong><\/p>\n\n\n\n<p class=\"wp-block-paragraph\">Ha de quedar m\u00e9s clar si una especialitat pot estar en diversos \u00e0mbits o nom\u00e9s en un. Si es vol clarificar l&#8217;especialitzaci\u00f3 del professorat seria l\u00f2gic un sol \u00e0mbit perqu\u00e8 si ja de partida l&#8217;\u00e0mbit \u00e9s l&#8217;af\u00ed, estar en diversos \u00e9s com que l&#8217;especialitat \u00e9s tan transversal que no t\u00e9 identitat clara. Podria un professor estar amb dues especialitats que estan en \u00e0mbits diferents? Sembla que s\u00ed quan una pla\u00e7a pot sortir amb dues especialitats.<\/p>\n\n\n\n<p class=\"wp-block-paragraph\"><strong>L&#8217;arbre de la ci\u00e8ncia exigeix \u200b\u200bprofessorat a totes les branques<\/strong><\/p>\n\n\n\n<p class=\"wp-block-paragraph\">\u00c9s incongruent admetre l&#8217;especialitzaci\u00f3 de la ci\u00e8ncia i despr\u00e9s sotmetre una obligaci\u00f3 docent dins l&#8217;\u00e0mbit. Aix\u00f2 de tenir present \u201cen termes generals\u201d \u00e9s ambigu i pot causar molts problemes. La qualitat docent es pot veure molt minvada. Si es vol impulsar que les universitats privades facin m\u00e9s investigaci\u00f3 no es pot considerar que un sol professor de classe de diverses disciplines.<br>Es d\u00f3na massa flexibilitat perqu\u00e8 el professorat acabi fent classe d&#8217;assignatures suposadament afins i no s&#8217;ent\u00e9n per qu\u00e8 aquest fenomen estaria reservat a les universitats petites.<\/p>\n\n\n\n<p class=\"wp-block-paragraph\"><strong>En relaci\u00f3 als diferents \u00e0mbits: <\/strong><\/p>\n\n\n\n<ul class=\"wp-block-list\">\n<li>Per una banda \u00e9s molt raonable que s&#8217;hagin distingit les especialitats dins de l&#8217;antiga de <em>Medicina<\/em> o que s&#8217;hagin creat noves especialitats per l&#8217;aven\u00e7 de la ci\u00e8ncia. Per\u00f2 per altre banda, \u00e9s il\u00b7l\u00f2gic que ci\u00e8ncies com la <em>Bioqu\u00edmica<\/em>, <em>Microbiologia o Biologia Cel\u00b7lular <\/em>no es divideixen. Cal diferenciar, per exemple, Biologia Cel\u00b7lular i Histologia Humana, Animal o Vegetal. No t\u00e9 sentit separar les Histologies a Animal, Vegetal i Humana s\u00ed que no van acompanyades per la biologia de la c\u00e8l\u00b7lula. A m\u00e9s, s&#8217;evitarien problemes d&#8217;ubicaci\u00f3 en \u00e0mbits. La primera especialitat estaria en ci\u00e8ncies biom\u00e8diques i les altres en biologia. Els professors es podrien ressituar perfectament segons la seva traject\u00f2ria.<\/li>\n\n\n\n<li>Sol\u00b7licitar la creaci\u00f3 de l&#8217;especialitat \u00ab<em>Disseny Industrial<\/em>\u00ab, aix\u00ed com la inclusi\u00f3 de \u00abDisseny Industrial\u00bb dins el nom de l&#8217;\u00e0mbit 32. Des de CSIF, de conformitat amb els arguments d&#8217;un nombr\u00f3s  grup de professors i professores d&#8217;assignatures relacionades amb disseny industrial, sol\u00b7licitem la creaci\u00f3 de l&#8217;especialitat \u00ab<em>Disseny Industrial i Desenvolupament del Producte<\/em>\u00ab, especialitat fonamental en la doc\u00e8ncia, la investigaci\u00f3 i la pr\u00e0ctica professional de nombroses escoles d&#8217;enginyeria a Espanya i Europa. La incorporaci\u00f3 de \u00abDisseny Industrial i Desenvolupament de Producte.\u00bb dins del nom de l&#8217;\u00c0mbit 32 d&#8217;Enginyeria Industrial, Enginyeria Mec\u00e0nica, Autom\u00e0tica i Organitzaci\u00f3 Industrial. <\/li>\n\n\n\n<li>Sobre l&#8217;excepcionalitat de l&#8217;especialitat 193 Llengua espanyola: Les especialitats que corresponen a Lleng\u00fces (catal\u00e0, gallec, portugu\u00e8s, alemany, angl\u00e8s, etc.) porten com a denominaci\u00f3 \u00ab<em>Llengua i Ling\u00fc\u00edstica X<\/em>\u00bb &#8211;veure des de la 194 a 207 del cat\u00e0leg provisional&#8211;, cosa que ens sembla totalment coherent, amb l&#8217;\u00fanica excepci\u00f3 de l&#8217;especialitat 193 <em>Lengua espanyola.<\/em> No s&#8217;enten el motiu d&#8217;aquesta excepcionalitat i considerem que hauria de portar una denominaci\u00f3 paral\u00b7lela a la resta: \u00ab<em>Llengua i ling\u00fc\u00edstica espanyola<\/em>\u00ab. A m\u00e9s, no provoca conflictes ja que l&#8217;\u00e0rea 208 t\u00e9 el mateix nom que l&#8217;actual de \u00ab<em>Ling\u00fc\u00edstica general<\/em>\u00ab.<\/li>\n\n\n\n<li>Inclusi\u00f3 de <em>Farmacogn\u00f2sia i Fitoter\u00e0pia<\/em> com a especialitat acad\u00e8mica: es sol\u00b7licita la inclusi\u00f3 com a especialitat acad\u00e8mica i professional dins l&#8217;\u00e0mbit de coneixement Farm\u00e0cia.<\/li>\n\n\n\n<li>Incorporaci\u00f3 de l&#8217;especialitat <em>Dret Militar<\/em> al cat\u00e0leg d&#8217;especialitats de coneixement de l&#8217;\u00e0mbit de coneixement d&#8217;Enginyeria Naval i Oce\u00e0nica: L&#8217;abs\u00e8ncia d&#8217;un \u00e0mbit de coneixement espec\u00edfic d&#8217;Enginyeria Naval i Oce\u00e0nica pot generar efectes clarament perjudicials tant pel professorat actual com pel futur. <\/li>\n\n\n\n<li>Canvi de la denominaci\u00f3 de l&#8217;especialitat <em>Did\u00e0ctica de l&#8217;Expressi\u00f3 Corporal <\/em>(Especialitat 69 al Projecte), per <em>Did\u00e0ctica de l&#8217;Educaci\u00f3 F\u00edsica<\/em>.<\/li>\n<\/ul>\n\n\n\n<p class=\"wp-block-paragraph\">Finalment, en document adjunt hi afegim una s\u00e8rie d&#8217;observacions sobre l&#8217;Esborrany Reial Decret d&#8217;especialitats i \u00e0mbits del coneixement que CSIF tamb\u00e9 va remetre a la Secretaria General d&#8217;Universitats. <\/p>\n\n\n\n<div class=\"wp-block-file\"><a id=\"wp-block-file--media-1f841ffc-3dad-42d5-a5d2-65afb88d5b04\" href=\"https:\/\/webs.uab.cat\/csif\/wp-content\/uploads\/sites\/327\/2026\/04\/Observaciones-RD-Especialidades-y-Ambitos.pdf\">Observacions RD Especialitats i \u00c0mbits<\/a><a href=\"https:\/\/webs.uab.cat\/csif\/wp-content\/uploads\/sites\/327\/2026\/04\/Observaciones-RD-Especialidades-y-Ambitos.pdf\" class=\"wp-block-file__button wp-element-button\" download aria-describedby=\"wp-block-file--media-1f841ffc-3dad-42d5-a5d2-65afb88d5b04\">Baixa<\/a><\/div>\n\n\n\n<p class=\"wp-block-paragraph\"><\/p>\n","protected":false},"excerpt":{"rendered":"<p>S&#8217;obre un per\u00edode de participaci\u00f3 p\u00fablica fins al 15 d&#8217;abril del Reial decret d&#8217;especialitats i \u00e0mbits de coneixement: https:\/\/www.ciencia.gob.es\/Convocatorias\/Participacion-Publica\/Consulta-publica-previa\/2026\/CPP_RD_EspecialidadesConocimiento.html Donades les expectatives que ha despertat el projecte de RD pel qual es determinen les especialitats de coneixement als efectes de l&#8217;establiment dels perfils de les places de professorat universitari de la universitat p\u00fablica i els [&hellip;]<\/p>\n","protected":false},"author":1872,"featured_media":0,"comment_status":"closed","ping_status":"closed","sticky":false,"template":"","format":"standard","meta":{"footnotes":""},"categories":[5,7,11],"tags":[],"class_list":["post-807","post","type-post","status-publish","format-standard","hentry","category-informacio","category-pdi","category-posicionament"],"_links":{"self":[{"href":"https:\/\/webs.uab.cat\/csif\/wp-json\/wp\/v2\/posts\/807","targetHints":{"allow":["GET"]}}],"collection":[{"href":"https:\/\/webs.uab.cat\/csif\/wp-json\/wp\/v2\/posts"}],"about":[{"href":"https:\/\/webs.uab.cat\/csif\/wp-json\/wp\/v2\/types\/post"}],"author":[{"embeddable":true,"href":"https:\/\/webs.uab.cat\/csif\/wp-json\/wp\/v2\/users\/1872"}],"replies":[{"embeddable":true,"href":"https:\/\/webs.uab.cat\/csif\/wp-json\/wp\/v2\/comments?post=807"}],"version-history":[{"count":3,"href":"https:\/\/webs.uab.cat\/csif\/wp-json\/wp\/v2\/posts\/807\/revisions"}],"predecessor-version":[{"id":811,"href":"https:\/\/webs.uab.cat\/csif\/wp-json\/wp\/v2\/posts\/807\/revisions\/811"}],"wp:attachment":[{"href":"https:\/\/webs.uab.cat\/csif\/wp-json\/wp\/v2\/media?parent=807"}],"wp:term":[{"taxonomy":"category","embeddable":true,"href":"https:\/\/webs.uab.cat\/csif\/wp-json\/wp\/v2\/categories?post=807"},{"taxonomy":"post_tag","embeddable":true,"href":"https:\/\/webs.uab.cat\/csif\/wp-json\/wp\/v2\/tags?post=807"}],"curies":[{"name":"wp","href":"https:\/\/api.w.org\/{rel}","templated":true}]}}