{"id":57,"date":"2024-02-25T20:41:57","date_gmt":"2024-02-25T18:41:57","guid":{"rendered":"https:\/\/webs.uab.cat\/culturaenviucurs\/?p=57"},"modified":"2024-02-28T19:22:22","modified_gmt":"2024-02-28T17:22:22","slug":"noticies","status":"publish","type":"post","link":"https:\/\/webs.uab.cat\/culturaenviucurs\/2024\/02\/25\/noticies\/","title":{"rendered":"\u00daltimes not\u00edcies dels Grups Art\u00edstics"},"content":{"rendered":"\n<div class=\"wp-block-columns is-layout-flex wp-container-core-columns-is-layout-8f761849 wp-block-columns-is-layout-flex\">\n<div class=\"wp-block-column is-layout-flow wp-block-column-is-layout-flow\">\n<p class=\"wp-block-paragraph\">La Unitat de Cultura en Viu de la UAB obre les inscripcions per als tallers i cursos de formaci\u00f3 art\u00edstica del segon semestre <\/p>\n<\/div>\n\n\n\n<div class=\"wp-block-column is-layout-flow wp-block-column-is-layout-flow\">\n<figure class=\"wp-block-image size-large\"><img loading=\"lazy\" decoding=\"async\" width=\"1024\" height=\"683\" src=\"https:\/\/webs.uab.cat\/culturaenviucurs\/wp-content\/uploads\/sites\/552\/2024\/02\/230420-002\u00a9A-Bofill-1024x683.jpg\" alt=\"\" class=\"wp-image-45\" srcset=\"https:\/\/webs.uab.cat\/culturaenviucurs\/wp-content\/uploads\/sites\/552\/2024\/02\/230420-002\u00a9A-Bofill-1024x683.jpg 1024w, https:\/\/webs.uab.cat\/culturaenviucurs\/wp-content\/uploads\/sites\/552\/2024\/02\/230420-002\u00a9A-Bofill-300x200.jpg 300w, https:\/\/webs.uab.cat\/culturaenviucurs\/wp-content\/uploads\/sites\/552\/2024\/02\/230420-002\u00a9A-Bofill-768x512.jpg 768w, https:\/\/webs.uab.cat\/culturaenviucurs\/wp-content\/uploads\/sites\/552\/2024\/02\/230420-002\u00a9A-Bofill-1536x1024.jpg 1536w, https:\/\/webs.uab.cat\/culturaenviucurs\/wp-content\/uploads\/sites\/552\/2024\/02\/230420-002\u00a9A-Bofill-2048x1365.jpg 2048w, https:\/\/webs.uab.cat\/culturaenviucurs\/wp-content\/uploads\/sites\/552\/2024\/02\/230420-002\u00a9A-Bofill-1200x800.jpg 1200w, https:\/\/webs.uab.cat\/culturaenviucurs\/wp-content\/uploads\/sites\/552\/2024\/02\/230420-002\u00a9A-Bofill-1980x1320.jpg 1980w\" sizes=\"auto, (max-width: 1024px) 100vw, 1024px\" \/><\/figure>\n<\/div>\n\n\n\n<div class=\"wp-block-column is-layout-flow wp-block-column-is-layout-flow\">\n<p class=\"wp-block-paragraph\">La UAB ofereix una programaci\u00f3 cultural variada a la Sala Teatre UAB durant el mes de mar\u00e7<\/p>\n<\/div>\n<\/div>\n\n\n\n<p class=\"wp-block-uab-alerta alerta\">Les inscripcions finalitzen el proper dijous 29 de febrer<\/p>\n\n\n\n<h2 class=\"wp-block-heading\"><mark style=\"color:var(--color-marca-primari)\" class=\"has-inline-color\">\u00daltimes novetats<\/mark><\/h2>\n\n\n\n<h3 class=\"wp-block-heading\"><mark style=\"color:var(--color-marca-primari)\" class=\"has-inline-color\">Nous concerts del Cor de Cambra<\/mark><\/h3>\n\n\n\n<details class=\"wp-block-details is-layout-flow wp-block-details-is-layout-flow\"><summary>El&nbsp;<strong>Cor de Cambra&nbsp;<\/strong>\u00e9s una iniciativa sorgida des del&nbsp;<strong>Cor de la UAB<\/strong>&nbsp;per dedicar un espai a la investigaci\u00f3 en el cant coral des del punt de vista de la interpretaci\u00f3 i de la creaci\u00f3 de nous repertoris.<\/summary>\n<p class=\"wp-block-paragraph\">Amb el Cor de Cambra es pret\u00e9n aprofundir en la formaci\u00f3 dels cantaires, tant vocalment com musicalment, i ampliar-ne la dedicaci\u00f3 i l&#8217;exig\u00e8ncia respecte a la resta de membres del Cor, per dotar-los d\u2019un criteri m\u00e9s professional.&nbsp;<\/p>\n\n\n\n<p class=\"wp-block-paragraph\">El Cor de Cambra actua sovint en actes institucionals dins i fora de la UAB. La formaci\u00f3 est\u00e0 integrada per un m\u00e0xim de dotze membres. Per ser-ne membre cal fer una prova de nivell i una entrevista pr\u00e8via amb el director.<\/p>\n\n\n\n<p class=\"wp-block-paragraph\">Propers concerts:<\/p>\n\n\n\n<ul class=\"wp-block-list\">\n<li><strong>Dimecres 6 de mar\u00e7<\/strong> &#8211; Dia de la Dona Treballadora &#8211; sala d&#8217;Actes del Rectorat<\/li>\n\n\n\n<li><strong>Dijous 28 de mar\u00e7<\/strong> &#8211; Acte de graduaci\u00f3 &#8211; Auditori de Lletres<\/li>\n<\/ul>\n<\/details>\n\n\n\n<div style=\"height:30px\" aria-hidden=\"true\" class=\"wp-block-spacer\"><\/div>\n\n\n\n<h3 class=\"wp-block-heading\"><mark style=\"color:var(--color-marca-primari)\" class=\"has-inline-color\">El Grup Estable de Teatre estrena la seva nova producci\u00f3 Amor i Informaci\u00f3 de Caryl Churchill<\/mark><\/h3>\n\n\n\n<div id='gallery-1' class='gallery galleryid-57 gallery-columns-3 gallery-size-thumbnail'><figure class='gallery-item'>\n\t\t\t<div class='gallery-icon landscape'>\n\t\t\t\t<a href='https:\/\/webs.uab.cat\/culturaenviucurs\/prova-gloria-pagina\/230420-031a-bofill\/'><img loading=\"lazy\" decoding=\"async\" width=\"150\" height=\"150\" src=\"https:\/\/webs.uab.cat\/culturaenviucurs\/wp-content\/uploads\/sites\/552\/2024\/02\/230420-031\u00a9A-Bofill-150x150.jpg\" class=\"attachment-thumbnail size-thumbnail\" alt=\"\" \/><\/a>\n\t\t\t<\/div><\/figure><figure class='gallery-item'>\n\t\t\t<div class='gallery-icon landscape'>\n\t\t\t\t<a href='https:\/\/webs.uab.cat\/culturaenviucurs\/prova-gloria-pagina\/230420-002a-bofill\/'><img loading=\"lazy\" decoding=\"async\" width=\"150\" height=\"150\" src=\"https:\/\/webs.uab.cat\/culturaenviucurs\/wp-content\/uploads\/sites\/552\/2024\/02\/230420-002\u00a9A-Bofill-150x150.jpg\" class=\"attachment-thumbnail size-thumbnail\" alt=\"\" \/><\/a>\n\t\t\t<\/div><\/figure><figure class='gallery-item'>\n\t\t\t<div class='gallery-icon landscape'>\n\t\t\t\t<a href='https:\/\/webs.uab.cat\/culturaenviucurs\/prova-gloria-pagina\/230420-032a-bofill\/'><img loading=\"lazy\" decoding=\"async\" width=\"150\" height=\"150\" src=\"https:\/\/webs.uab.cat\/culturaenviucurs\/wp-content\/uploads\/sites\/552\/2024\/02\/230420-032\u00a9A-Bofill-150x150.jpg\" class=\"attachment-thumbnail size-thumbnail\" alt=\"\" \/><\/a>\n\t\t\t<\/div><\/figure><figure class='gallery-item'>\n\t\t\t<div class='gallery-icon landscape'>\n\t\t\t\t<a href='https:\/\/webs.uab.cat\/culturaenviucurs\/prova-gloria-pagina\/230420-028a-bofill\/'><img loading=\"lazy\" decoding=\"async\" width=\"150\" height=\"150\" src=\"https:\/\/webs.uab.cat\/culturaenviucurs\/wp-content\/uploads\/sites\/552\/2024\/02\/230420-028\u00a9A-Bofill-150x150.jpg\" class=\"attachment-thumbnail size-thumbnail\" alt=\"\" \/><\/a>\n\t\t\t<\/div><\/figure><figure class='gallery-item'>\n\t\t\t<div class='gallery-icon landscape'>\n\t\t\t\t<a href='https:\/\/webs.uab.cat\/culturaenviucurs\/prova-gloria-pagina\/230420-029a-bofill\/'><img loading=\"lazy\" decoding=\"async\" width=\"150\" height=\"150\" src=\"https:\/\/webs.uab.cat\/culturaenviucurs\/wp-content\/uploads\/sites\/552\/2024\/02\/230420-029\u00a9A-Bofill-150x150.jpg\" class=\"attachment-thumbnail size-thumbnail\" alt=\"imatges de l&#039;\u00faltim espectacle del Grup estable de Teatre\" \/><\/a>\n\t\t\t<\/div><\/figure>\n\t\t<\/div>\n\n\n\n\n<div style=\"height:30px\" aria-hidden=\"true\" class=\"wp-block-spacer\"><\/div>\n\n\n\n<h3 class=\"wp-block-heading\"><mark style=\"color:var(--color-marca-primari)\" class=\"has-inline-color\">Nous espectacles programats a la Sala Teatre<\/mark><\/h3>\n\n\n\n<div class=\"wp-block-cover is-repeated\"><span aria-hidden=\"true\" class=\"wp-block-cover__background has-background-dim\"><\/span><div role=\"img\" class=\"wp-block-cover__image-background wp-image-41 is-repeated\" style=\"background-position:22% 29%;background-image:url(https:\/\/webs.uab.cat\/culturaenviucurs\/wp-content\/uploads\/sites\/552\/2024\/02\/230420-012\u00a9A-Bofill-1024x683.jpg)\"><\/div><div class=\"wp-block-cover__inner-container is-layout-flow wp-block-cover-is-layout-flow\">\n<p class=\"has-text-align-center has-normal-font-size wp-block-paragraph\">Pr\u00f2ximament a la <a href=\"https:\/\/www.uab.cat\/web\/viure-el-campus\/cultura-en-viu\/sala-teatre\/programacio-sala-teatre-uab-1345670821954.html\">Sala Teatre<\/a>&#8230; <\/p>\n<\/div><\/div>\n\n\n\n<div style=\"height:30px\" aria-hidden=\"true\" class=\"wp-block-spacer\"><\/div>\n\n\n\n<h3 class=\"wp-block-heading\"><mark style=\"color:var(--color-marca-primari)\" class=\"has-inline-color\">Podeu consultar tota la informaci\u00f3 sobre les l\u00edneas de treball de la Unitat de Cultura de la UAB a:<\/mark><\/h3>\n\n\n<a style=\"text-decoration:underline\" class=\"wp-block-read-more has-background has-blanc-coco-background-color has-large-font-size\" href=\"https:\/\/webs.uab.cat\/culturaenviucurs\/2024\/02\/25\/noticies\/\" target=\"_blank\">uab.cat\/cultura<span class=\"screen-reader-text\">: \u00daltimes not\u00edcies dels Grups Art\u00edstics<\/span><\/a>","protected":false},"excerpt":{"rendered":"<p>La Unitat de Cultura en Viu de la UAB obre les inscripcions per als tallers i cursos de formaci\u00f3 art\u00edstica del segon semestre La UAB ofereix una programaci\u00f3 cultural variada a la Sala Teatre UAB durant el mes de mar\u00e7 \u00daltimes novetats Nous concerts del Cor de Cambra El Grup Estable de Teatre estrena la [&hellip;]<\/p>\n","protected":false},"author":435,"featured_media":36,"comment_status":"closed","ping_status":"closed","sticky":false,"template":"","format":"standard","meta":{"footnotes":""},"categories":[8,4],"tags":[5],"class_list":["post-57","post","type-post","status-publish","format-standard","has-post-thumbnail","hentry","category-arts-esceniques","category-teatre","tag-novetat"],"_links":{"self":[{"href":"https:\/\/webs.uab.cat\/culturaenviucurs\/wp-json\/wp\/v2\/posts\/57","targetHints":{"allow":["GET"]}}],"collection":[{"href":"https:\/\/webs.uab.cat\/culturaenviucurs\/wp-json\/wp\/v2\/posts"}],"about":[{"href":"https:\/\/webs.uab.cat\/culturaenviucurs\/wp-json\/wp\/v2\/types\/post"}],"author":[{"embeddable":true,"href":"https:\/\/webs.uab.cat\/culturaenviucurs\/wp-json\/wp\/v2\/users\/435"}],"replies":[{"embeddable":true,"href":"https:\/\/webs.uab.cat\/culturaenviucurs\/wp-json\/wp\/v2\/comments?post=57"}],"version-history":[{"count":14,"href":"https:\/\/webs.uab.cat\/culturaenviucurs\/wp-json\/wp\/v2\/posts\/57\/revisions"}],"predecessor-version":[{"id":97,"href":"https:\/\/webs.uab.cat\/culturaenviucurs\/wp-json\/wp\/v2\/posts\/57\/revisions\/97"}],"wp:featuredmedia":[{"embeddable":true,"href":"https:\/\/webs.uab.cat\/culturaenviucurs\/wp-json\/wp\/v2\/media\/36"}],"wp:attachment":[{"href":"https:\/\/webs.uab.cat\/culturaenviucurs\/wp-json\/wp\/v2\/media?parent=57"}],"wp:term":[{"taxonomy":"category","embeddable":true,"href":"https:\/\/webs.uab.cat\/culturaenviucurs\/wp-json\/wp\/v2\/categories?post=57"},{"taxonomy":"post_tag","embeddable":true,"href":"https:\/\/webs.uab.cat\/culturaenviucurs\/wp-json\/wp\/v2\/tags?post=57"}],"curies":[{"name":"wp","href":"https:\/\/api.w.org\/{rel}","templated":true}]}}