{"id":418,"date":"2016-09-26T19:42:22","date_gmt":"2016-09-26T17:42:22","guid":{"rendered":"http:\/\/blogs.uab.cat\/dansarq\/?p=418"},"modified":"2022-07-25T15:37:30","modified_gmt":"2022-07-25T13:37:30","slug":"els-arbres-el-vent-i-la-poesia","status":"publish","type":"post","link":"https:\/\/webs.uab.cat\/dansarq\/2016\/09\/26\/els-arbres-el-vent-i-la-poesia\/","title":{"rendered":"Els arbres, el vent i la poesia"},"content":{"rendered":"<p>El mar, el vent, els arbres, estan a l&#8217;ess\u00e8ncia dels moviments de la dansa lliure.<\/p>\n<p>La proposta inspirada en la imatge del desmai;<a href=\"http:\/\/blogs.uab.cat\/dansarq\/?attachment_id=419\" rel=\"attachment wp-att-419\"><img loading=\"lazy\" decoding=\"async\" class=\"size-medium wp-image-419 alignleft\" src=\"http:\/\/blogs.uab.cat\/dansarq\/files\/2016\/09\/Puigcerda._Sauce_llor\u00f3n_sobre_el_lago_-_Guadalupe_Cervilla-300x225.jpg\" alt=\"Puigcerda._Sauce_llor\u00f3n_sobre_el_lago_-_Guadalupe_Cervilla\" width=\"300\" height=\"225\" \/><\/a><\/p>\n<p>o la coreografia titulada \u00ab<em>confidences au bouleau<\/em>\u00bb (amb m\u00fasica de <a href=\"https:\/\/www.youtube.com\/watch?v=oy6uV-eMOEs\">J.Brahms<\/a>).<\/p>\n<p><a href=\"http:\/\/blogs.uab.cat\/dansarq\/?attachment_id=420\" rel=\"attachment wp-att-420\"><img loading=\"lazy\" decoding=\"async\" class=\"size-medium wp-image-420 alignright\" src=\"http:\/\/blogs.uab.cat\/dansarq\/files\/2016\/09\/Betula_pubescens-225x300.jpg\" alt=\"Betula_pubescens\" width=\"225\" height=\"300\" srcset=\"https:\/\/webs.uab.cat\/dansarq\/wp-content\/uploads\/sites\/78\/2016\/09\/Betula_pubescens-225x300.jpg 225w, https:\/\/webs.uab.cat\/dansarq\/wp-content\/uploads\/sites\/78\/2016\/09\/Betula_pubescens-768x1024.jpg 768w, https:\/\/webs.uab.cat\/dansarq\/wp-content\/uploads\/sites\/78\/2016\/09\/Betula_pubescens-1152x1536.jpg 1152w, https:\/\/webs.uab.cat\/dansarq\/wp-content\/uploads\/sites\/78\/2016\/09\/Betula_pubescens-1536x2048.jpg 1536w, https:\/\/webs.uab.cat\/dansarq\/wp-content\/uploads\/sites\/78\/2016\/09\/Betula_pubescens-1200x1600.jpg 1200w, https:\/\/webs.uab.cat\/dansarq\/wp-content\/uploads\/sites\/78\/2016\/09\/Betula_pubescens-scaled.jpg 1920w\" sizes=\"auto, (max-width: 225px) 100vw, 225px\" \/><\/a><\/p>\n<p>El poema de Juan Ram\u00f3n Jimenez titulat \u00ab<em>Al \u00e1lamo blanco<\/em>\u00bb descriu molt b\u00e9 la noci\u00f3 de verticalitat, de lligam cel-terra, diu aix\u00ed:<\/p>\n<p><a href=\"http:\/\/blogs.uab.cat\/dansarq\/?attachment_id=424\" rel=\"attachment wp-att-424\"><img loading=\"lazy\" decoding=\"async\" class=\"size-medium wp-image-424 alignleft\" src=\"http:\/\/blogs.uab.cat\/dansarq\/files\/2016\/09\/\u00c1lamo_bis_1-225x300.jpg\" alt=\"\u00c1lamo_bis_1\" width=\"225\" height=\"300\" \/><\/a><\/p>\n<p><em>Arriba canta el p\u00e1jaro y<\/em><\/p>\n<p><em>abajo canta el agua.<\/em><\/p>\n<p><em>(Arriba y abajo, se me abre el alma).<\/em><\/p>\n<p><em>Entre dos melod\u00edas la columna de plata.<\/em><\/p>\n<p><em>Hoja, p\u00e1jaro, estrella; baja flor, ra\u00edz, agua.<\/em><\/p>\n<p><em>Entre dos conmociones la columna de plata.<\/em><\/p>\n<p><em>(Y t\u00fa, tronco ideal, entre mi alma y mi alma).<\/em><\/p>\n<p><em>Mece \u00a0a la estrella el trino, la onda a la flor baja.<\/em><\/p>\n<p><em>(Abajo y arriba, me tiembla el alma).<\/em><\/p>\n<p>I el vent?. La dansa lliure ens ensenya com ondulen els camps de blat, com es balancegen les branques i les fulles dels arbres \u00a0amb el vent.<\/p>\n<p>El poeta <a href=\"https:\/\/es.wikipedia.org\/wiki\/%C3%89mile_Verhaeren\">\u00c9mile Verhaeren\u00a0 <\/a>li va dedicar un poema:\u00a0\u00abLe vent\u00bb<\/p>\n<p><em>Sur la bruy\u00e8re longue infiniment,<\/em><br \/>\n<em>Voici le vent cornant Novembre ;<\/em><br \/>\n<em>Sur la bruy\u00e8re, infiniment,<\/em><br \/>\n<em>Voici le vent<\/em><br \/>\n<em>Qui se d\u00e9chire et se d\u00e9membre,<\/em><br \/>\n<em>En souffles lourds, battant les bourgs ;<\/em><br \/>\n<em>Voici le vent,<\/em><br \/>\n<em>Le vent sauvage de Novembre.<\/em><\/p>\n<p><em>Aux puits des fermes,<\/em><br \/>\n<em>Les seaux de fer et les poulies<\/em><br \/>\n<em>Grincent ;<\/em><br \/>\n<em>Aux citernes des fermes.<\/em><br \/>\n<em>Les seaux et les poulies<\/em><br \/>\n<em>Grincent et crient<\/em><br \/>\n<em>Toute la mort, dans leurs m\u00e9lancolies.<\/em><\/p>\n<p><em>Le vent rafle, le long de l&#8217;eau,<\/em><br \/>\n<em>Les feuilles mortes des bouleaux,<\/em><br \/>\n<em>Le vent sauvage de Novembre ;<\/em><br \/>\n<em>Le vent mord, dans les branches,<\/em><br \/>\n<em>Des nids d&#8217;oiseaux ;<\/em><br \/>\n<em>Le vent r\u00e2pe du fer<\/em><br \/>\n<em>Et peigne, au loin, les avalanches,<\/em><br \/>\n<em>Rageusement du vieil hiver,<\/em><br \/>\n<em>Rageusement, le vent,<\/em><br \/>\n<em>Le vent sauvage de Novembre.<\/em><\/p>\n<p><em>Dans les \u00e9tables lamentables,<\/em><br \/>\n<em>Les lucarnes rapi\u00e9c\u00e9es<\/em><br \/>\n<em>Ballottent leurs loques falotes<\/em><br \/>\n<em>De vitres et de papier.<\/em><br \/>\n<em>&#8211; Le vent sauvage de Novembre ! &#8211;<\/em><br \/>\n<em>Sur sa butte de gazon bistre,<\/em><br \/>\n<em>De bas en haut, \u00e0 travers airs,<\/em><br \/>\n<em>De haut en bas, \u00e0 coups d&#8217;\u00e9clairs,<\/em><br \/>\n<em>Le moulin noir fauche, sinistre,<\/em><br \/>\n<em>Le moulin noir fauche le vent,<\/em><br \/>\n<em>Le vent,<\/em><br \/>\n<em>Le vent sauvage de Novembre.<\/em><\/p>\n<p><em>Les vieux chaumes, \u00e0 cropetons,<\/em><br \/>\n<em>Autour de leurs clochers d&#8217;\u00e9glise.<\/em><br \/>\n<em>Sont \u00e9branl\u00e9s sur leurs b\u00e2tons ;<\/em><br \/>\n<em>Les vieux chaumes et leurs auvents<\/em><br \/>\n<em>Claquent au vent,<\/em><br \/>\n<em>Au vent sauvage de Novembre.<\/em><br \/>\n<em>Les croix du cimeti\u00e8re \u00e9troit,<\/em><br \/>\n<em>Les bras des morts que sont ces croix,<\/em><br \/>\n<em>Tombent, comme un grand vol,<\/em><br \/>\n<em>Rabattu noir, contre le sol.<\/em><\/p>\n<p><em>Le vent sauvage de Novembre,<\/em><br \/>\n<em>Le vent,<\/em><br \/>\n<em>L&#8217;avez-vous rencontr\u00e9 le vent,<\/em><br \/>\n<em>Au carrefour des trois cents routes,<\/em><br \/>\n<em>Criant de froid, soufflant d&#8217;ahan,<\/em><br \/>\n<em>L&#8217;avez-vous rencontr\u00e9 le vent,<\/em><br \/>\n<em>Celui des peurs et des d\u00e9routes ;<\/em><br \/>\n<em>L&#8217;avez-vous vu, cette nuit-l\u00e0,<\/em><br \/>\n<em>Quand il jeta la lune \u00e0 bas,<\/em><br \/>\n<em>Et que, n&#8217;en pouvant plus,<\/em><br \/>\n<em>Tous les villages vermoulus<\/em><br \/>\n<em>Criaient, comme des b\u00eates,<\/em><br \/>\n<em>Sous la temp\u00eate ?<\/em><\/p>\n<p><em>Sur la bruy\u00e8re, infiniment,<\/em><br \/>\n<em>Voici le vent hurlant,<\/em><br \/>\n<em>Voici le vent cornant Novembre.<\/em><\/p>\n","protected":false},"excerpt":{"rendered":"<p>El mar, el vent, els arbres, estan a l&#8217;ess\u00e8ncia dels moviments de la dansa lliure. La proposta inspirada en la imatge del desmai; o la coreografia titulada \u00abconfidences au bouleau\u00bb (amb m\u00fasica de J.Brahms). El poema de Juan Ram\u00f3n Jimenez titulat \u00abAl \u00e1lamo blanco\u00bb descriu molt b\u00e9 la noci\u00f3 de verticalitat, de lligam cel-terra, diu [&hellip;]<\/p>\n","protected":false},"author":51,"featured_media":0,"comment_status":"open","ping_status":"open","sticky":false,"template":"","format":"standard","meta":{"footnotes":""},"categories":[2],"tags":[7,15,43,52,53],"class_list":["post-418","post","type-post","status-publish","format-standard","hentry","category-coreografies","tag-arbre","tag-confidences-au-bouleau","tag-poesia","tag-vent","tag-verhaeren"],"_links":{"self":[{"href":"https:\/\/webs.uab.cat\/dansarq\/wp-json\/wp\/v2\/posts\/418","targetHints":{"allow":["GET"]}}],"collection":[{"href":"https:\/\/webs.uab.cat\/dansarq\/wp-json\/wp\/v2\/posts"}],"about":[{"href":"https:\/\/webs.uab.cat\/dansarq\/wp-json\/wp\/v2\/types\/post"}],"author":[{"embeddable":true,"href":"https:\/\/webs.uab.cat\/dansarq\/wp-json\/wp\/v2\/users\/51"}],"replies":[{"embeddable":true,"href":"https:\/\/webs.uab.cat\/dansarq\/wp-json\/wp\/v2\/comments?post=418"}],"version-history":[{"count":2,"href":"https:\/\/webs.uab.cat\/dansarq\/wp-json\/wp\/v2\/posts\/418\/revisions"}],"predecessor-version":[{"id":504,"href":"https:\/\/webs.uab.cat\/dansarq\/wp-json\/wp\/v2\/posts\/418\/revisions\/504"}],"wp:attachment":[{"href":"https:\/\/webs.uab.cat\/dansarq\/wp-json\/wp\/v2\/media?parent=418"}],"wp:term":[{"taxonomy":"category","embeddable":true,"href":"https:\/\/webs.uab.cat\/dansarq\/wp-json\/wp\/v2\/categories?post=418"},{"taxonomy":"post_tag","embeddable":true,"href":"https:\/\/webs.uab.cat\/dansarq\/wp-json\/wp\/v2\/tags?post=418"}],"curies":[{"name":"wp","href":"https:\/\/api.w.org\/{rel}","templated":true}]}}