{"id":485,"date":"2023-11-24T15:26:14","date_gmt":"2023-11-24T13:26:14","guid":{"rendered":"https:\/\/webs.uab.cat\/derecho-y-digitalizacion-empresarial\/?p=485"},"modified":"2024-03-18T18:01:42","modified_gmt":"2024-03-18T16:01:42","slug":"digitalizacion-criptoactivos-y-sostenibilidad","status":"publish","type":"post","link":"https:\/\/webs.uab.cat\/derecho-y-digitalizacion-empresarial\/2023\/11\/24\/digitalizacion-criptoactivos-y-sostenibilidad\/","title":{"rendered":"DIGITALIZACI\u00d3N, CRIPTOACTIVOS Y SOSTENIBILIDAD."},"content":{"rendered":"\n<h2 class=\"wp-block-heading\">Una cr\u00f3nica desde el Congreso Internacional de Sostenibilidad y Derecho del sistema financiero<\/h2>\n\n\n\n<p><\/p>\n\n\n\n<p>El Congreso Internacional <em>Sostenibilidad y Derecho del Sistema Financiero<\/em> celebrado en Valencia los d\u00edas 15, 16 y 17 de noviembre de 2023 cont\u00f3 con una participaci\u00f3n numerosa tanto en lo referido a ponencias como a comunicaciones relacionadas con el eje central del Congreso, la sostenibilidad. La magn\u00edfica organizaci\u00f3n y la alta calidad de las intervenciones merecen una efusiva felicitaci\u00f3n. En ese contexto, al margen de otras intervenciones en distintas mesas en las que la digitalizaci\u00f3n y la sostenibilidad tambi\u00e9n aparec\u00edan tratadas conjuntamente, una de ellas iba dedicada precisamente a la materia que nos ocupa, bajo la denominaci\u00f3n <em>Digitalizaci\u00f3n, criptoactivos y sostenibilidad<\/em>. Puede consultarse el programa completo, as\u00ed como un libro que recoge un resumen de la mayor\u00eda de comunicaciones presentadas en <a href=\"https:\/\/rdsfin.com\/congreso-rdsfin\/\">https:\/\/rdsfin.com\/congreso-rdsfin\/<\/a><\/p>\n\n\n\n<p>La mesa a la que nos referimos, moderada por el Profesor Fernando Carbajo Casc\u00f3n empez\u00f3 con la intervenci\u00f3n del Profesor Ignacio Tirado Mart\u00ed, que desde su conocimiento privilegiado en su condici\u00f3n de Secretario General de UNIDROIT del panorama general y problemas importantes relacionados con la sostenibilidad. Haciendo referencia a los Principios sobre activos digitales presentados por UNIDROIT en el mes de octubre de 2023 (<em>Principles on Digital Assets and Private Law<\/em>) as\u00ed como al Acuerdo de Paris de 2015 (acuerdo dentro del marco de la Convenci\u00f3n Marco de las Naciones Unidas sobre el Cambio Clim\u00e1tico). Trat\u00f3 fundamentalmente cuestiones en torno a los cr\u00e9ditos de carbono voluntarios, cr\u00e9ditos que se instrumentan a trav\u00e9s de activos digitales y que generan dudas diversas sobre su r\u00e9gimen jur\u00eddico y el tratamiento que deben recibir tambi\u00e9n cuando se emiten los certificados correspondientes. Precisamente sobre esa problem\u00e1tica gir\u00f3 buena parte de su intervenci\u00f3n, con cuestiones de todo tipo: una vez se adquiere ese certificado \u00bfqu\u00e9 se adquiere?, o si es posible (o sobre qu\u00e9 es posible) crear un derecho real, qu\u00e9 sucede en caso de insolvencia o cuestiones diversas sobre derecho aplicable o aspectos en los que incluso la terminolog\u00eda es complicada en funci\u00f3n de la traducci\u00f3n que se haga; <em>linked assests, electronic transferable records<\/em> \u2026<\/p>\n\n\n\n<p>La intervenci\u00f3n del Profesor Filippo Zatti de la Universidad de Florencia bajo un t\u00edtulo con evidente inspiraci\u00f3n shakesperiana como el mismo advirti\u00f3, <em>\u201cSustainability of digital finance or digitalisation of sustainable finance?\u201d That is the question <\/em>tambi\u00e9n recogi\u00f3 las referencias a los problemas terminol\u00f3gicos. Se refiri\u00f3 el profesor Zatti a la tecnolog\u00eda<em> blockchain<\/em> como impulsora de la sostenibilidad, repas\u00f3 los principales hitos en la materia en el seno de la UE, principalmente a partir de 2018, con la publicaci\u00f3n <em>del Plan de acci\u00f3n en materia de tecnolog\u00eda financiera<\/em> y tambi\u00e9n destacando el papel de Naciones Unidas con especial atenci\u00f3n al Informe presentado en 2020, <em>People\u2019s Money: Harnessing Digitalization to Finance a Sustainable Future\u2019<\/em> incidiendo en las recomendaciones clave para aprovechar la digitalizaci\u00f3n para el desarrollo sostenible, la necesidad de realizar un an\u00e1lisis a medio o largo plazo para poder afrontar los problemas derivados del panorama de la digitalizaci\u00f3n en este contexto de finanzas sostenibles as\u00ed como tambi\u00e9n la obligatoria construcci\u00f3n de un marco conceptual en el que puedan integrarse concepciones diversas que vienen desde distintas aproximaciones.<\/p>\n\n\n\n<p>La Profesor Rebeca Herrero Morant trat\u00f3 a continuaci\u00f3n de la cuesti\u00f3n <em>Sostenibilidad: un reto para los criptoactivos<\/em> explicando los diversos factores en los que los criptoactivos inciden en la sostenibilidad, se\u00f1alando especialmente los factores ambientales, los econ\u00f3micos y los sociales, realizando asimismo un completo recorrido por la normativa relevante ofreciendo asimismo interesantes referencias emp\u00edricas, como por ejemplo los datos del<em> Cambridge Bitcoin Electricity Consumption Index<\/em>, desarrollado por el <em>Cambridge Center for Alternative Finance <\/em>(<a href=\"https:\/\/ccaf.io\/cbnsi\/cbeci\/comparisons\">https:\/\/ccaf.io\/cbnsi\/cbeci\/comparisons<\/a>).<\/p>\n\n\n\n<p>En relaci\u00f3n a los factores ambientales, es ciertamente preocupante el elevado consumo energ\u00e9tico y tambi\u00e9n de agua. Entre los factores econ\u00f3micos advierte de su vinculaci\u00f3n con actividades ilegales en buena medida por su opacidad: recuerda que las primeras normas europeas sobre criptoactivos tuvieron por objeto el blanqueo de capitales y financiaci\u00f3n del terrorismo. Advierte asimismo sobre la complejidad y las dificultades propias de los mercados de criptoactivos. Se refiere, en fin, a los factores sociales, destacando algunos beneficios que pueden conllevar pero tambi\u00e9n los riesgos inherentes a los criptoactivos principalmente en pa\u00edses en v\u00edas de desarrollo.<\/p>\n\n\n\n<p>Las intervenciones rese\u00f1adas fueron de un elevado nivel y plantearon una serie de problemas de sumo inter\u00e9s. Solamente nos queda esperar su publicaci\u00f3n.<\/p>\n\n\n\n<p>Dr.Jorge Miquel Rodr\u00edguez<\/p>\n","protected":false},"excerpt":{"rendered":"<p>Una cr\u00f3nica desde el Congreso Internacional de Sostenibilidad y Derecho del sistema financiero El Congreso Internacional Sostenibilidad y Derecho del Sistema Financiero celebrado en Valencia los d\u00edas 15, 16 y 17 de noviembre de 2023 cont\u00f3 con una participaci\u00f3n numerosa tanto en lo referido a ponencias como a comunicaciones relacionadas con el eje central del [&hellip;]<\/p>\n","protected":false},"author":651,"featured_media":0,"comment_status":"closed","ping_status":"closed","sticky":false,"template":"","format":"standard","meta":{"footnotes":""},"categories":[39,2,41,1],"tags":[],"class_list":["post-485","post","type-post","status-publish","format-standard","hentry","category-civil-law","category-commercial-law","category-derecho-civil","category-general"],"_links":{"self":[{"href":"https:\/\/webs.uab.cat\/derecho-y-digitalizacion-empresarial\/wp-json\/wp\/v2\/posts\/485","targetHints":{"allow":["GET"]}}],"collection":[{"href":"https:\/\/webs.uab.cat\/derecho-y-digitalizacion-empresarial\/wp-json\/wp\/v2\/posts"}],"about":[{"href":"https:\/\/webs.uab.cat\/derecho-y-digitalizacion-empresarial\/wp-json\/wp\/v2\/types\/post"}],"author":[{"embeddable":true,"href":"https:\/\/webs.uab.cat\/derecho-y-digitalizacion-empresarial\/wp-json\/wp\/v2\/users\/651"}],"replies":[{"embeddable":true,"href":"https:\/\/webs.uab.cat\/derecho-y-digitalizacion-empresarial\/wp-json\/wp\/v2\/comments?post=485"}],"version-history":[{"count":5,"href":"https:\/\/webs.uab.cat\/derecho-y-digitalizacion-empresarial\/wp-json\/wp\/v2\/posts\/485\/revisions"}],"predecessor-version":[{"id":552,"href":"https:\/\/webs.uab.cat\/derecho-y-digitalizacion-empresarial\/wp-json\/wp\/v2\/posts\/485\/revisions\/552"}],"wp:attachment":[{"href":"https:\/\/webs.uab.cat\/derecho-y-digitalizacion-empresarial\/wp-json\/wp\/v2\/media?parent=485"}],"wp:term":[{"taxonomy":"category","embeddable":true,"href":"https:\/\/webs.uab.cat\/derecho-y-digitalizacion-empresarial\/wp-json\/wp\/v2\/categories?post=485"},{"taxonomy":"post_tag","embeddable":true,"href":"https:\/\/webs.uab.cat\/derecho-y-digitalizacion-empresarial\/wp-json\/wp\/v2\/tags?post=485"}],"curies":[{"name":"wp","href":"https:\/\/api.w.org\/{rel}","templated":true}]}}